{"id":83732,"date":"2025-05-20T07:07:19","date_gmt":"2025-05-20T13:07:19","guid":{"rendered":"https:\/\/elinformante.mx\/?p=83732"},"modified":"2025-05-20T07:07:22","modified_gmt":"2025-05-20T13:07:22","slug":"mara-lezama-brinda-estancia-humanista-digna-y-feliz-a-residentes-de-la-casa-hogar-de-chetumal","status":"publish","type":"post","link":"https:\/\/elinformante.mx\/?p=83732","title":{"rendered":"Mara Lezama brinda estancia humanista, digna y feliz a residentes de la Casa\u202fHogar de Chetumal"},"content":{"rendered":"\n<figure class=\"wp-block-pullquote\"><blockquote><p>-Hoy 53 residentes cuentan con transformadas \u00e1reas m\u00e9dicas, de terapia f\u00edsica, cocina, lavander\u00eda, oficinas, zonas de actividades ocupacionales y \u00e1reas confortables para el descanso y la recreaci\u00f3n<\/p><\/blockquote><\/figure>\n\n\n\n<p class=\"has-drop-cap\">Para darles a los residentes una atenci\u00f3n humanista y digna, la gobernadora Mara Lezama Espinosa y la presidenta honoraria del DIF Quintana Roo, Ver\u00f3nica Lezama Espinosa, encabezaron la ceremonia inaugural de las obras de rehabilitaci\u00f3n, construcci\u00f3n y equipamiento de la Casa Hogar de Personas Mayores en Chetumal.<br><\/p>\n\n\n\n<p>Acompa\u00f1adas de autoridades del DIF y de la propia Casa Hogar, Mara y Ver\u00f3nica develaron la placa inaugural y recorrieron las renovadas instalaciones, con inversi\u00f3n total de 23 millones 604 mil pesos, en dos etapas, en las que hoy residen 53 personas mayores, de un total de capacidad para 60 hu\u00e9spedes.<br><\/p>\n\n\n\n<p>Entre los residentes, saludaron a don L\u00e1zaro, de 98 a\u00f1os de edad y es el m\u00e1s longevo; Mar\u00eda Morales, de 74 a\u00f1os que fue rescatada durante las lluvias at\u00edpicas de la colonia Pacto Obrero, y do\u00f1a Candelaria, de 74 a\u00f1os, que fue rescatada durante las lluvias at\u00edpicas, pues ella viv\u00eda en la parte baja de Chetumal.<br><\/p>\n\n\n\n<p>Las obras incluyeron la rehabilitaci\u00f3n y equipamiento de \u00e1reas m\u00e9dicas, de terapia f\u00edsica, cocina, lavander\u00eda, oficinas y zonas de actividades ocupacionales. Actualmente, las personas mayores disfrutan de espacios confortables como la sala de estar, sal\u00f3n de televisi\u00f3n, \u00e1reas de rehabilitaci\u00f3n y zonas para actividades recreativas y de terapia f\u00edsica.<br><\/p>\n\n\n\n<p>Durante la inauguraci\u00f3n, se present\u00f3 un video que evidenci\u00f3 las condiciones cr\u00edticas en las que se encontraba anteriormente la Casa Hogar: abandono, falta de personal, equipamiento deficiente y espacios deteriorados.<br><\/p>\n\n\n\n<p>La gobernadora Mara Lezama afirm\u00f3 que hoy se salda una deuda hist\u00f3rica al recordar que en recorrido previo se constat\u00f3 que era complicado caminar por los senderos, lleno de obst\u00e1culos; se dieron cuenta del abandono de la casa en donde viven seres humanos que han pasado su vida, viendo crecer a los hijos, nietos.<br><\/p>\n\n\n\n<p>\u201cTienen derecho a vivir con amor, por eso hoy aqu\u00ed, en donde se respira paz, justicia social, estamos devolviendo gratitud a estas abuelitas y abuelitos. Somos un gobierno diferente, humanista con coraz\u00f3n feminista, en el que tenemos claro que el gobierno del pueblo regresa al pueblo. Venimos a decirles que no vamos a descansar, vamos a seguir haciendo justicia social, con el apoyo del equipo del DIF a quien le damos un fuerte aplauso\u201d afirm\u00f3 la gobernadora de Quintana Roo.<br><\/p>\n\n\n\n<p>Por su parte la presidenta honoraria del DIF estatal, Ver\u00f3nica Lezama Espinosa destac\u00f3 que las obras inauguradas recuerdan algo importante: que no solo hay que cuidar el cuerpo, sino tambi\u00e9n el alma, y hoy este espacio es para la calma, la memoria, la escucha y sobre todo el afecto.<br><\/p>\n\n\n\n<p>La directora del DIF estatal, Abril Sabido Alc\u00e9rreca explic\u00f3 que la Casa Hogar opera las 24 horas del d\u00eda, mediante seis turnos, incluyendo fines de semana y d\u00edas festivos, otorgando servicios de atenci\u00f3n m\u00e9dica, psicol\u00f3gica, trabajo social, enfermer\u00eda, alimentaci\u00f3n balanceada y acompa\u00f1amiento integral.<\/p>\n","protected":false},"excerpt":{"rendered":"<p>-Hoy 53 residentes cuentan con transformadas \u00e1reas m\u00e9dicas, de terapia f\u00edsica, cocina, lavander\u00eda, oficinas, zonas de actividades ocupacionales y \u00e1reas confortables para el descanso y la recreaci\u00f3n Para darles a los residentes una atenci\u00f3n humanista y digna, la gobernadora Mara Lezama Espinosa y la presidenta honoraria del DIF Quintana Roo, Ver\u00f3nica Lezama Espinosa, encabezaron la [&hellip;]<\/p>\n","protected":false},"author":1,"featured_media":83733,"comment_status":"closed","ping_status":"closed","sticky":false,"template":"","format":"standard","meta":{"footnotes":""},"categories":[30,34],"tags":[],"class_list":["post-83732","post","type-post","status-publish","format-standard","has-post-thumbnail","hentry","category-destacado","category-nacional"],"_links":{"self":[{"href":"https:\/\/elinformante.mx\/index.php?rest_route=\/wp\/v2\/posts\/83732","targetHints":{"allow":["GET"]}}],"collection":[{"href":"https:\/\/elinformante.mx\/index.php?rest_route=\/wp\/v2\/posts"}],"about":[{"href":"https:\/\/elinformante.mx\/index.php?rest_route=\/wp\/v2\/types\/post"}],"author":[{"embeddable":true,"href":"https:\/\/elinformante.mx\/index.php?rest_route=\/wp\/v2\/users\/1"}],"replies":[{"embeddable":true,"href":"https:\/\/elinformante.mx\/index.php?rest_route=%2Fwp%2Fv2%2Fcomments&post=83732"}],"version-history":[{"count":0,"href":"https:\/\/elinformante.mx\/index.php?rest_route=\/wp\/v2\/posts\/83732\/revisions"}],"wp:featuredmedia":[{"embeddable":true,"href":"https:\/\/elinformante.mx\/index.php?rest_route=\/wp\/v2\/media\/83733"}],"wp:attachment":[{"href":"https:\/\/elinformante.mx\/index.php?rest_route=%2Fwp%2Fv2%2Fmedia&parent=83732"}],"wp:term":[{"taxonomy":"category","embeddable":true,"href":"https:\/\/elinformante.mx\/index.php?rest_route=%2Fwp%2Fv2%2Fcategories&post=83732"},{"taxonomy":"post_tag","embeddable":true,"href":"https:\/\/elinformante.mx\/index.php?rest_route=%2Fwp%2Fv2%2Ftags&post=83732"}],"curies":[{"name":"wp","href":"https:\/\/api.w.org\/{rel}","templated":true}]}}