{"id":83752,"date":"2025-05-20T13:43:05","date_gmt":"2025-05-20T19:43:05","guid":{"rendered":"https:\/\/elinformante.mx\/?p=83752"},"modified":"2025-05-20T13:43:06","modified_gmt":"2025-05-20T19:43:06","slug":"sheinbaum-lamenta-asesinato-de-colaboradores-de-clara-brugada","status":"publish","type":"post","link":"https:\/\/elinformante.mx\/?p=83752","title":{"rendered":"SHEINBAUM LAMENTA ASESINATO DE COLABORADORES DE CLARA BRUGADA"},"content":{"rendered":"\n<p>En la ma\u00f1anera de hoy, la presidenta de M\u00e9xico, Claudia Sheinbaum Pardo, inform\u00f3 y lament\u00f3 el asesinato de dos colaboradores de la jefa de gobierno de la CDMX, Clara Brugada, por sicarios a bordo de una motocicleta en Calzada de Tlalpan.<\/p>\n\n\n\n<p>Sheinbaum, dijo \u201cNo habr\u00e1 impunidad, desde el gobierno de M\u00e9xico enviamos condolencias a sus familiares, apoyo a la jefa de gobierno, todo nuestro apoyo\u201d.<\/p>\n\n\n\n<p>Este martes, perdieron la vida Ximena Guzm\u00e1n, secretaria particular de la jefa de gobierno y Jos\u00e9 Mu\u00f1oz, asesor de la jefatura. Al parecer se trat\u00f3 de un ataque directo en Calzada de Tlalpan y calle Napole\u00f3n en la colonia Moderna, alcald\u00eda Benito Ju\u00e1rez, CDMX.<\/p>\n\n\n\n<p><\/p>\n","protected":false},"excerpt":{"rendered":"<p>En la ma\u00f1anera de hoy, la presidenta de M\u00e9xico, Claudia Sheinbaum Pardo, inform\u00f3 y lament\u00f3 el asesinato de dos colaboradores de la jefa de gobierno de la CDMX, Clara Brugada, por sicarios a bordo de una motocicleta en Calzada de Tlalpan. Sheinbaum, dijo \u201cNo habr\u00e1 impunidad, desde el gobierno de M\u00e9xico enviamos condolencias a sus [&hellip;]<\/p>\n","protected":false},"author":2,"featured_media":83753,"comment_status":"closed","ping_status":"closed","sticky":false,"template":"","format":"standard","meta":{"footnotes":""},"categories":[34],"tags":[],"class_list":["post-83752","post","type-post","status-publish","format-standard","has-post-thumbnail","hentry","category-nacional"],"_links":{"self":[{"href":"https:\/\/elinformante.mx\/index.php?rest_route=\/wp\/v2\/posts\/83752","targetHints":{"allow":["GET"]}}],"collection":[{"href":"https:\/\/elinformante.mx\/index.php?rest_route=\/wp\/v2\/posts"}],"about":[{"href":"https:\/\/elinformante.mx\/index.php?rest_route=\/wp\/v2\/types\/post"}],"author":[{"embeddable":true,"href":"https:\/\/elinformante.mx\/index.php?rest_route=\/wp\/v2\/users\/2"}],"replies":[{"embeddable":true,"href":"https:\/\/elinformante.mx\/index.php?rest_route=%2Fwp%2Fv2%2Fcomments&post=83752"}],"version-history":[{"count":0,"href":"https:\/\/elinformante.mx\/index.php?rest_route=\/wp\/v2\/posts\/83752\/revisions"}],"wp:featuredmedia":[{"embeddable":true,"href":"https:\/\/elinformante.mx\/index.php?rest_route=\/wp\/v2\/media\/83753"}],"wp:attachment":[{"href":"https:\/\/elinformante.mx\/index.php?rest_route=%2Fwp%2Fv2%2Fmedia&parent=83752"}],"wp:term":[{"taxonomy":"category","embeddable":true,"href":"https:\/\/elinformante.mx\/index.php?rest_route=%2Fwp%2Fv2%2Fcategories&post=83752"},{"taxonomy":"post_tag","embeddable":true,"href":"https:\/\/elinformante.mx\/index.php?rest_route=%2Fwp%2Fv2%2Ftags&post=83752"}],"curies":[{"name":"wp","href":"https:\/\/api.w.org\/{rel}","templated":true}]}}