{"id":83755,"date":"2025-05-20T13:46:18","date_gmt":"2025-05-20T19:46:18","guid":{"rendered":"https:\/\/elinformante.mx\/?p=83755"},"modified":"2025-05-20T13:46:19","modified_gmt":"2025-05-20T19:46:19","slug":"familiares-de-ovidio-que-se-entregaron-no-tienen-procedimiento-legal","status":"publish","type":"post","link":"https:\/\/elinformante.mx\/?p=83755","title":{"rendered":"FAMILIARES DE OVIDIO QUE SE ENTREGARON NO TIENEN PROCEDIMIENTO LEGAL"},"content":{"rendered":"\n<p>El titular de la Fiscal\u00eda General de la Rep\u00fablica, Alejandro Gertz Manero, indic\u00f3 en la ma\u00f1anera de hoy que la familia de Ovidio Guzm\u00e1n L\u00f3pez que se entreg\u00f3 a autoridades norteamericanas no tienen un procedimiento legal en EU.<\/p>\n\n\n\n<p>Gertz Manero, se\u00f1al\u00f3 \u201cCuando alguien se entrega a una autoridad es porque existe un procedimiento; dentro de nuestro Pa\u00eds no tienen ning\u00fan procedimiento, esa figura de entrega para M\u00e9xico no es as\u00ed, tampoco sabemos que haya un procedimiento legal en los EU\u201d.<\/p>\n\n\n\n<p>El Fiscal agreg\u00f3 \u201cSimplemente cruzaron la frontera y tuvieron un encuentro con las autoridades de los EU\u201d.<\/p>\n","protected":false},"excerpt":{"rendered":"<p>El titular de la Fiscal\u00eda General de la Rep\u00fablica, Alejandro Gertz Manero, indic\u00f3 en la ma\u00f1anera de hoy que la familia de Ovidio Guzm\u00e1n L\u00f3pez que se entreg\u00f3 a autoridades norteamericanas no tienen un procedimiento legal en EU. Gertz Manero, se\u00f1al\u00f3 \u201cCuando alguien se entrega a una autoridad es porque existe un procedimiento; dentro de [&hellip;]<\/p>\n","protected":false},"author":2,"featured_media":83756,"comment_status":"closed","ping_status":"closed","sticky":false,"template":"","format":"standard","meta":{"footnotes":""},"categories":[33,34],"tags":[],"class_list":["post-83755","post","type-post","status-publish","format-standard","has-post-thumbnail","hentry","category-mundo","category-nacional"],"_links":{"self":[{"href":"https:\/\/elinformante.mx\/index.php?rest_route=\/wp\/v2\/posts\/83755","targetHints":{"allow":["GET"]}}],"collection":[{"href":"https:\/\/elinformante.mx\/index.php?rest_route=\/wp\/v2\/posts"}],"about":[{"href":"https:\/\/elinformante.mx\/index.php?rest_route=\/wp\/v2\/types\/post"}],"author":[{"embeddable":true,"href":"https:\/\/elinformante.mx\/index.php?rest_route=\/wp\/v2\/users\/2"}],"replies":[{"embeddable":true,"href":"https:\/\/elinformante.mx\/index.php?rest_route=%2Fwp%2Fv2%2Fcomments&post=83755"}],"version-history":[{"count":0,"href":"https:\/\/elinformante.mx\/index.php?rest_route=\/wp\/v2\/posts\/83755\/revisions"}],"wp:featuredmedia":[{"embeddable":true,"href":"https:\/\/elinformante.mx\/index.php?rest_route=\/wp\/v2\/media\/83756"}],"wp:attachment":[{"href":"https:\/\/elinformante.mx\/index.php?rest_route=%2Fwp%2Fv2%2Fmedia&parent=83755"}],"wp:term":[{"taxonomy":"category","embeddable":true,"href":"https:\/\/elinformante.mx\/index.php?rest_route=%2Fwp%2Fv2%2Fcategories&post=83755"},{"taxonomy":"post_tag","embeddable":true,"href":"https:\/\/elinformante.mx\/index.php?rest_route=%2Fwp%2Fv2%2Ftags&post=83755"}],"curies":[{"name":"wp","href":"https:\/\/api.w.org\/{rel}","templated":true}]}}