{"id":83772,"date":"2025-05-21T06:24:00","date_gmt":"2025-05-21T12:24:00","guid":{"rendered":"https:\/\/elinformante.mx\/?p=83772"},"modified":"2025-05-21T06:24:01","modified_gmt":"2025-05-21T12:24:01","slug":"isaac-del-toro-lidera-el-giro-de-italia-2025","status":"publish","type":"post","link":"https:\/\/elinformante.mx\/?p=83772","title":{"rendered":"Isaac del Toro lidera el Giro de Italia 2025"},"content":{"rendered":"\n<figure class=\"wp-block-pullquote\"><blockquote><p>Por su parte, el neerland\u00e9s Daan Hoole fue el ganador de este d\u00eda, escoltado en el podio por los brit\u00e1nicos Joshua Tarling y Ethan Hayter.<\/p><\/blockquote><\/figure>\n\n\n\n<p class=\"has-drop-cap\">Contin\u00faa la acci\u00f3n en el Giro de Italia 2025, donde el ciclista mexicano Isaac del Toro del UAE Team Emirates XRG permanece como l\u00edder en esta competencia tras la d\u00e9cima etapa, aunque su compa\u00f1ero espa\u00f1ol Juan Ayuso recort\u00f3 distancia y est\u00e1 a 25 segundos de su marca.<br><\/p>\n\n\n\n<p>El mexicano con 21 a\u00f1os de edad, pudo salvar la famosa \u201cmaglia rosa\u201d durante la contrarreloj disputada entre las localidades de Lucca y Pisa, en un demandante recorrido de 28.6 kms marcado por la intensa lluvia que pudo provocar un accidente con el l\u00edder.<br><\/p>\n\n\n\n<p>Del Toro se\u00f1al\u00f3: \u201cSab\u00eda que iba a ser muy duro, as\u00ed que mi \u00fanico objetivo era poder terminar la contrarreloj manteniendo la maglia rosa. No quer\u00eda tomar muchos riesgos por la lluvia. Fue divertido y estoy muy feliz de seguir l\u00edder del Giro de Italia\u201d.<br><\/p>\n\n\n\n<figure class=\"wp-block-image size-large\"><img fetchpriority=\"high\" decoding=\"async\" width=\"1024\" height=\"506\" src=\"https:\/\/elinformante.mx\/wp-content\/uploads\/2025\/05\/14isaac-1024x506.jpg\" alt=\"\" class=\"wp-image-83774\" srcset=\"https:\/\/elinformante.mx\/wp-content\/uploads\/2025\/05\/14isaac-1024x506.jpg 1024w, https:\/\/elinformante.mx\/wp-content\/uploads\/2025\/05\/14isaac-300x148.jpg 300w, https:\/\/elinformante.mx\/wp-content\/uploads\/2025\/05\/14isaac-768x379.jpg 768w, https:\/\/elinformante.mx\/wp-content\/uploads\/2025\/05\/14isaac.jpg 1140w\" sizes=\"(max-width: 1024px) 100vw, 1024px\" \/><\/figure>\n\n\n\n<p>Isaac del Toro registr\u00f3 un tiempo de 34:52 minutos en la etapa 10 del Giro de Italia 2025, lo que le vali\u00f3 finalizar en la posici\u00f3n 36 de la prueba ciclista de este martes.<br><\/p>\n\n\n\n<p>Por su parte, el neerland\u00e9s Daan Hoole fue el ganador de este d\u00eda, escoltado en el podio por los brit\u00e1nicos Joshua Tarling y Ethan Hayter.<br><\/p>\n\n\n\n<p>Con estos resultados, la clasificaci\u00f3n general se mantiene de esta manera casi a la mitad del Giro de Italia, que llega a su ecuador este mi\u00e9rcoles con la etapa 11, en un recorrido de 186 kms entre Viareggio y Castelnovo ne\u2019 Monti.<br><\/p>\n\n\n\n<ul class=\"wp-block-list\">\n<li>Isaac del Toro (M\u00e9xico): 34:11:37<br><\/li>\n\n\n\n<li>Juan Ayuso (Espa\u00f1a): +25<br><\/li>\n\n\n\n<li>Antonio Tiberi (Italia): +1:01<br><\/li>\n\n\n\n<li>Simon Yates (Reino Unido): +1:03<br><\/li>\n\n\n\n<li>Primoz Roglic (Eslovenia): +1:18<br><\/li>\n\n\n\n<li>Brandon McCulty (Estados Unidos): +2:00<br><\/li>\n\n\n\n<li>Adam Yates (Reino Unido): +2:06<br><\/li>\n\n\n\n<li>Giulio Ciccone (Italia): +2:07<br><\/li>\n\n\n\n<li>Richard Carapaz (Ecuador): +2:10<br><\/li>\n\n\n\n<li>Thymen Arensman (Pa\u00edses Bajos): +2:27<\/li>\n<\/ul>\n","protected":false},"excerpt":{"rendered":"<p>Por su parte, el neerland\u00e9s Daan Hoole fue el ganador de este d\u00eda, escoltado en el podio por los brit\u00e1nicos Joshua Tarling y Ethan Hayter. Contin\u00faa la acci\u00f3n en el Giro de Italia 2025, donde el ciclista mexicano Isaac del Toro del UAE Team Emirates XRG permanece como l\u00edder en esta competencia tras la d\u00e9cima [&hellip;]<\/p>\n","protected":false},"author":1,"featured_media":83773,"comment_status":"closed","ping_status":"closed","sticky":false,"template":"","format":"standard","meta":{"footnotes":""},"categories":[38,30],"tags":[],"class_list":["post-83772","post","type-post","status-publish","format-standard","has-post-thumbnail","hentry","category-deportes","category-destacado"],"_links":{"self":[{"href":"https:\/\/elinformante.mx\/index.php?rest_route=\/wp\/v2\/posts\/83772","targetHints":{"allow":["GET"]}}],"collection":[{"href":"https:\/\/elinformante.mx\/index.php?rest_route=\/wp\/v2\/posts"}],"about":[{"href":"https:\/\/elinformante.mx\/index.php?rest_route=\/wp\/v2\/types\/post"}],"author":[{"embeddable":true,"href":"https:\/\/elinformante.mx\/index.php?rest_route=\/wp\/v2\/users\/1"}],"replies":[{"embeddable":true,"href":"https:\/\/elinformante.mx\/index.php?rest_route=%2Fwp%2Fv2%2Fcomments&post=83772"}],"version-history":[{"count":0,"href":"https:\/\/elinformante.mx\/index.php?rest_route=\/wp\/v2\/posts\/83772\/revisions"}],"wp:featuredmedia":[{"embeddable":true,"href":"https:\/\/elinformante.mx\/index.php?rest_route=\/wp\/v2\/media\/83773"}],"wp:attachment":[{"href":"https:\/\/elinformante.mx\/index.php?rest_route=%2Fwp%2Fv2%2Fmedia&parent=83772"}],"wp:term":[{"taxonomy":"category","embeddable":true,"href":"https:\/\/elinformante.mx\/index.php?rest_route=%2Fwp%2Fv2%2Fcategories&post=83772"},{"taxonomy":"post_tag","embeddable":true,"href":"https:\/\/elinformante.mx\/index.php?rest_route=%2Fwp%2Fv2%2Ftags&post=83772"}],"curies":[{"name":"wp","href":"https:\/\/api.w.org\/{rel}","templated":true}]}}