{"id":83831,"date":"2025-05-21T07:24:06","date_gmt":"2025-05-21T13:24:06","guid":{"rendered":"https:\/\/elinformante.mx\/?p=83831"},"modified":"2025-05-21T07:24:08","modified_gmt":"2025-05-21T13:24:08","slug":"no-habra-impunidad-en-el-homicidio-de-ximena-guzman-y-jose-munoz-clara-brugada","status":"publish","type":"post","link":"https:\/\/elinformante.mx\/?p=83831","title":{"rendered":"No habr\u00e1 impunidad en el homicidio de Ximena Guzm\u00e1n y Jos\u00e9 Mu\u00f1oz: Clara Brugada"},"content":{"rendered":"\n<figure class=\"wp-block-pullquote\"><blockquote><p>-La jefa de gobierno se\u00f1ala que continuar\u00e1 la lucha implacable contra la inseguridad en la CDMX.<\/p><\/blockquote><\/figure>\n\n\n\n<p class=\"has-drop-cap\">Tras el ataque en contra de su secretaria particular, Ximena Guzm\u00e1n Cuevas, y su asesor, Jos\u00e9 Mu\u00f1oz Vega, la Jefa de Gobierno de la Ciudad de M\u00e9xico, Clara Brugada Molina, asegur\u00f3 que no habr\u00e1 impunidad en los homicidios y garantiz\u00f3 a la ciudadan\u00eda que su administraci\u00f3n mantendr\u00e1 la lucha contra la inseguridad.<br><\/p>\n\n\n\n<p>\u201cMe dirijo a las y los capitalinos para garantizarles que este gobierno continuar\u00e1 con su lucha implacable contra la inseguridad y con el compromiso de todo el gobierno de seguir trabajando intensamente para continuar con la transformaci\u00f3n de esta gran ciudad\u201d, asever\u00f3.<br><\/p>\n\n\n\n<p>La mandataria capitalina manifest\u00f3 que personal de la Secretar\u00eda de Seguridad Ciudadana (SSC) y de la Fiscal\u00eda General de Justicia de la ciudad (FGJCDMX) iniciaron desde el primer momento las indagatorias para esclarecer este lamentable hecho.<br><\/p>\n\n\n\n<p>Acompa\u00f1ada por integrantes de su gabinete, diputados y diputadas locales, as\u00ed como alcaldes y alcaldesas, la mandataria capitalina inform\u00f3 que este caso se investiga con el mismo rigor con el que las instituciones realizan su trabajo todos los d\u00edas. Investigar, esclarecer y garantizar que no haya impunidad. Es nuestro compromiso, subray\u00f3.<br><\/p>\n\n\n\n<figure class=\"wp-block-image size-large\"><img fetchpriority=\"high\" decoding=\"async\" width=\"1024\" height=\"506\" src=\"https:\/\/elinformante.mx\/wp-content\/uploads\/2025\/05\/5clara-2-2-1024x506.jpeg\" alt=\"\" class=\"wp-image-83833\" srcset=\"https:\/\/elinformante.mx\/wp-content\/uploads\/2025\/05\/5clara-2-2-1024x506.jpeg 1024w, https:\/\/elinformante.mx\/wp-content\/uploads\/2025\/05\/5clara-2-2-300x148.jpeg 300w, https:\/\/elinformante.mx\/wp-content\/uploads\/2025\/05\/5clara-2-2-768x379.jpeg 768w, https:\/\/elinformante.mx\/wp-content\/uploads\/2025\/05\/5clara-2-2.jpeg 1140w\" sizes=\"(max-width: 1024px) 100vw, 1024px\" \/><\/figure>\n\n\n\n<p>Adem\u00e1s, agradeci\u00f3 el apoyo y colaboraci\u00f3n de la presidenta Claudia Sheinbaum Pardo, as\u00ed como las muestras de apoyo y solidaridad de amigos, servidores p\u00fablicos, de dirigentes sociales y de la ciudadan\u00eda de la capital.<br><\/p>\n\n\n\n<p>Al recordar a Ximena como una mujer maravillosa, incansable, buena, muy buena, y a Pepe como una de las personas m\u00e1s inteligentes que he conocido y sumamente responsable, reconoci\u00f3 que, junto a ambos compa\u00f1eros, comparti\u00f3 anhelos y luchas, primero para transformar Iztapalapa y luego por la ciudad.<br><\/p>\n\n\n\n<p>Finalmente, la mandataria local se solidariz\u00f3 con las familias y seres queridos de Ximena Guzm\u00e1n Cuevas y Jos\u00e9 Mu\u00f1oz Vega.<br><\/p>\n\n\n\n<p>\u201cQuiero abrazar a sus familias, amigos, seres queridos, compa\u00f1eras y compa\u00f1eros de lucha. En el gabinete de la ciudad nos encontramos profundamente consternados y de luto por perder a dos compa\u00f1eros entra\u00f1ables\u201d, concluy\u00f3.<\/p>\n","protected":false},"excerpt":{"rendered":"<p>-La jefa de gobierno se\u00f1ala que continuar\u00e1 la lucha implacable contra la inseguridad en la CDMX. Tras el ataque en contra de su secretaria particular, Ximena Guzm\u00e1n Cuevas, y su asesor, Jos\u00e9 Mu\u00f1oz Vega, la Jefa de Gobierno de la Ciudad de M\u00e9xico, Clara Brugada Molina, asegur\u00f3 que no habr\u00e1 impunidad en los homicidios y [&hellip;]<\/p>\n","protected":false},"author":1,"featured_media":83832,"comment_status":"closed","ping_status":"closed","sticky":false,"template":"","format":"standard","meta":{"footnotes":""},"categories":[35,30],"tags":[],"class_list":["post-83831","post","type-post","status-publish","format-standard","has-post-thumbnail","hentry","category-cdmx","category-destacado"],"_links":{"self":[{"href":"https:\/\/elinformante.mx\/index.php?rest_route=\/wp\/v2\/posts\/83831","targetHints":{"allow":["GET"]}}],"collection":[{"href":"https:\/\/elinformante.mx\/index.php?rest_route=\/wp\/v2\/posts"}],"about":[{"href":"https:\/\/elinformante.mx\/index.php?rest_route=\/wp\/v2\/types\/post"}],"author":[{"embeddable":true,"href":"https:\/\/elinformante.mx\/index.php?rest_route=\/wp\/v2\/users\/1"}],"replies":[{"embeddable":true,"href":"https:\/\/elinformante.mx\/index.php?rest_route=%2Fwp%2Fv2%2Fcomments&post=83831"}],"version-history":[{"count":0,"href":"https:\/\/elinformante.mx\/index.php?rest_route=\/wp\/v2\/posts\/83831\/revisions"}],"wp:featuredmedia":[{"embeddable":true,"href":"https:\/\/elinformante.mx\/index.php?rest_route=\/wp\/v2\/media\/83832"}],"wp:attachment":[{"href":"https:\/\/elinformante.mx\/index.php?rest_route=%2Fwp%2Fv2%2Fmedia&parent=83831"}],"wp:term":[{"taxonomy":"category","embeddable":true,"href":"https:\/\/elinformante.mx\/index.php?rest_route=%2Fwp%2Fv2%2Fcategories&post=83831"},{"taxonomy":"post_tag","embeddable":true,"href":"https:\/\/elinformante.mx\/index.php?rest_route=%2Fwp%2Fv2%2Ftags&post=83831"}],"curies":[{"name":"wp","href":"https:\/\/api.w.org\/{rel}","templated":true}]}}