{"id":83883,"date":"2025-05-22T06:11:38","date_gmt":"2025-05-22T12:11:38","guid":{"rendered":"https:\/\/elinformante.mx\/?p=83883"},"modified":"2025-05-22T06:11:39","modified_gmt":"2025-05-22T12:11:39","slug":"debut-de-psycho-clown-en-wwe-podria-estar-cerca","status":"publish","type":"post","link":"https:\/\/elinformante.mx\/?p=83883","title":{"rendered":"Debut de Psycho Clown en WWE podr\u00eda estar cerca"},"content":{"rendered":"\n<figure class=\"wp-block-pullquote\"><blockquote><p>La estrella mexicana de la lucha libre tuvo una peque\u00f1a interacci\u00f3n y comparti\u00f3 algunos datos sobre su carrera en WWE.<\/p><\/blockquote><\/figure>\n\n\n\n<p class=\"has-drop-cap\">Desde hace algunas semanas, la industria de la lucha libre en M\u00e9xico recibi\u00f3 la noticia sobre la compra de Triple A, compa\u00f1\u00eda creada por Antonio Pe\u00f1a, que a partir de este 2025 formar\u00e1 parte de la WWE.<br><\/p>\n\n\n\n<p>Fue en WrestleMania 41 cuando los m\u00e1s altos directivos de ambas instituciones informaron sobre el movimiento, compartiendo un evento en com\u00fan bajo el nombre de Worlds Collide, en el que se podr\u00e1n disfrutar enfrentamientos entre gladiadores de las dos marcas.<br><\/p>\n\n\n\n<p>Con esta informaci\u00f3n se desat\u00f3 de inmediato una gran expectativa por parte de los seguidores, quienes esperan ver a los mejores representantes del estilo mexicano en el ring de la WWE, teniendo ya un adelanto con una de las estrellas de AAA.<br><\/p>\n\n\n\n<p>Y es que Psycho Clown, uno de los luchadores que ha sido estandarte de la empresa mexicana, que gracias a su talento y carisma, se ha convertido en uno de los estetas favoritos de la afici\u00f3n, participando en una reciente din\u00e1mica en las redes sociales de la WWE.<br><\/p>\n\n\n\n<p>Psycho en compa\u00f1\u00eda de Andrea Bazarte comparti\u00f3 algunos datos sobre su carrera y tambi\u00e9n habl\u00f3 de sus sue\u00f1os ante la posibilidad de llegar a Estados Unidos, territorio en el que espera poder enfrentar a Roman Reigns.<br><\/p>\n\n\n\n<p>Luego de la publicaci\u00f3n, que r\u00e1pidamente recibi\u00f3 comentarios positivos de los seguidores, el luchador mexicano hijo del hist\u00f3rico Brazo de Plata adelant\u00f3 que pronto podr\u00e1n verlo debutar en el m\u00e1ximo escenario del wrestling.<\/p>\n","protected":false},"excerpt":{"rendered":"<p>La estrella mexicana de la lucha libre tuvo una peque\u00f1a interacci\u00f3n y comparti\u00f3 algunos datos sobre su carrera en WWE. Desde hace algunas semanas, la industria de la lucha libre en M\u00e9xico recibi\u00f3 la noticia sobre la compra de Triple A, compa\u00f1\u00eda creada por Antonio Pe\u00f1a, que a partir de este 2025 formar\u00e1 parte de [&hellip;]<\/p>\n","protected":false},"author":1,"featured_media":83884,"comment_status":"closed","ping_status":"closed","sticky":false,"template":"","format":"standard","meta":{"footnotes":""},"categories":[38],"tags":[],"class_list":["post-83883","post","type-post","status-publish","format-standard","has-post-thumbnail","hentry","category-deportes"],"_links":{"self":[{"href":"https:\/\/elinformante.mx\/index.php?rest_route=\/wp\/v2\/posts\/83883","targetHints":{"allow":["GET"]}}],"collection":[{"href":"https:\/\/elinformante.mx\/index.php?rest_route=\/wp\/v2\/posts"}],"about":[{"href":"https:\/\/elinformante.mx\/index.php?rest_route=\/wp\/v2\/types\/post"}],"author":[{"embeddable":true,"href":"https:\/\/elinformante.mx\/index.php?rest_route=\/wp\/v2\/users\/1"}],"replies":[{"embeddable":true,"href":"https:\/\/elinformante.mx\/index.php?rest_route=%2Fwp%2Fv2%2Fcomments&post=83883"}],"version-history":[{"count":0,"href":"https:\/\/elinformante.mx\/index.php?rest_route=\/wp\/v2\/posts\/83883\/revisions"}],"wp:featuredmedia":[{"embeddable":true,"href":"https:\/\/elinformante.mx\/index.php?rest_route=\/wp\/v2\/media\/83884"}],"wp:attachment":[{"href":"https:\/\/elinformante.mx\/index.php?rest_route=%2Fwp%2Fv2%2Fmedia&parent=83883"}],"wp:term":[{"taxonomy":"category","embeddable":true,"href":"https:\/\/elinformante.mx\/index.php?rest_route=%2Fwp%2Fv2%2Fcategories&post=83883"},{"taxonomy":"post_tag","embeddable":true,"href":"https:\/\/elinformante.mx\/index.php?rest_route=%2Fwp%2Fv2%2Ftags&post=83883"}],"curies":[{"name":"wp","href":"https:\/\/api.w.org\/{rel}","templated":true}]}}