{"id":83892,"date":"2025-05-22T06:15:25","date_gmt":"2025-05-22T12:15:25","guid":{"rendered":"https:\/\/elinformante.mx\/?p=83892"},"modified":"2025-05-22T06:15:29","modified_gmt":"2025-05-22T12:15:29","slug":"tres-personas-son-detenidas-por-un-robo-a-una-tienda-departamental","status":"publish","type":"post","link":"https:\/\/elinformante.mx\/?p=83892","title":{"rendered":"Tres personas son detenidas por un robo a una tienda departamental"},"content":{"rendered":"\n<figure class=\"wp-block-pullquote\"><blockquote><p>Se aseguraron ocho tel\u00e9fonos m\u00f3viles, una camioneta sin placas de circulaci\u00f3n y una r\u00e9plica de arma de fuego.<\/p><\/blockquote><\/figure>\n\n\n\n<p class=\"has-drop-cap\">Elementos de la SSEM detuvieron a tres individuos aparentemente responsables del delito de robo a negocio; esta acci\u00f3n se llev\u00f3 a cabo despu\u00e9s de ser alertados por el robo en una tienda departamental, donde los tres sospechosos ingresaron al lugar y robaron ocho celulares e inmediatamente huyeron del sitio.<br><\/p>\n\n\n\n<p>Se realiz\u00f3 un despliegue para localizar a los objetivos, quienes fueron ubicados sobre la calle Rehilete, esquina con Camino a la Virgen de Chiquinquira, en la colonia La Venta, donde intentaron darse a la fuga a bordo de una camioneta marca Dodge, modelo RAM Charger 2000, color blanco. Tras su detenci\u00f3n, se localiz\u00f3 en su poder ocho aparatos m\u00f3viles y una r\u00e9plica de arma de fuego color negro con la leyenda Glock 18, Austria 9&#215;19.<br><\/p>\n\n\n\n<p>Se les inform\u00f3 del delito por el que eran se\u00f1alados Alejandra \u201cN\u201d de 21 a\u00f1os, Cristina \u201cN\u201d de 27 a\u00f1os y Julio \u201cN\u201d de 23 a\u00f1os de edad, quienes fueron trasladados, junto con los indicios asegurados ante el Centro de Justicia con sede en la demarcaci\u00f3n, a fin de definir su situaci\u00f3n legal.<\/p>\n","protected":false},"excerpt":{"rendered":"<p>Se aseguraron ocho tel\u00e9fonos m\u00f3viles, una camioneta sin placas de circulaci\u00f3n y una r\u00e9plica de arma de fuego. Elementos de la SSEM detuvieron a tres individuos aparentemente responsables del delito de robo a negocio; esta acci\u00f3n se llev\u00f3 a cabo despu\u00e9s de ser alertados por el robo en una tienda departamental, donde los tres sospechosos [&hellip;]<\/p>\n","protected":false},"author":1,"featured_media":83893,"comment_status":"closed","ping_status":"closed","sticky":false,"template":"","format":"standard","meta":{"footnotes":""},"categories":[36,37],"tags":[],"class_list":["post-83892","post","type-post","status-publish","format-standard","has-post-thumbnail","hentry","category-edomex","category-justicia"],"_links":{"self":[{"href":"https:\/\/elinformante.mx\/index.php?rest_route=\/wp\/v2\/posts\/83892","targetHints":{"allow":["GET"]}}],"collection":[{"href":"https:\/\/elinformante.mx\/index.php?rest_route=\/wp\/v2\/posts"}],"about":[{"href":"https:\/\/elinformante.mx\/index.php?rest_route=\/wp\/v2\/types\/post"}],"author":[{"embeddable":true,"href":"https:\/\/elinformante.mx\/index.php?rest_route=\/wp\/v2\/users\/1"}],"replies":[{"embeddable":true,"href":"https:\/\/elinformante.mx\/index.php?rest_route=%2Fwp%2Fv2%2Fcomments&post=83892"}],"version-history":[{"count":0,"href":"https:\/\/elinformante.mx\/index.php?rest_route=\/wp\/v2\/posts\/83892\/revisions"}],"wp:featuredmedia":[{"embeddable":true,"href":"https:\/\/elinformante.mx\/index.php?rest_route=\/wp\/v2\/media\/83893"}],"wp:attachment":[{"href":"https:\/\/elinformante.mx\/index.php?rest_route=%2Fwp%2Fv2%2Fmedia&parent=83892"}],"wp:term":[{"taxonomy":"category","embeddable":true,"href":"https:\/\/elinformante.mx\/index.php?rest_route=%2Fwp%2Fv2%2Fcategories&post=83892"},{"taxonomy":"post_tag","embeddable":true,"href":"https:\/\/elinformante.mx\/index.php?rest_route=%2Fwp%2Fv2%2Ftags&post=83892"}],"curies":[{"name":"wp","href":"https:\/\/api.w.org\/{rel}","templated":true}]}}