{"id":83926,"date":"2025-05-22T06:44:49","date_gmt":"2025-05-22T12:44:49","guid":{"rendered":"https:\/\/elinformante.mx\/?p=83926"},"modified":"2025-05-22T06:44:51","modified_gmt":"2025-05-22T12:44:51","slug":"delfina-gomez-asignara-2-mil-basificaciones-al-magisterio-mexiquense","status":"publish","type":"post","link":"https:\/\/elinformante.mx\/?p=83926","title":{"rendered":"Delfina G\u00f3mez asignar\u00e1 2 mil basificaciones al magisterio mexiquense"},"content":{"rendered":"\n<figure class=\"wp-block-pullquote\"><blockquote><p>Adem\u00e1s, la Mandataria estatal concede la Condecoraci\u00f3n \u201cMaestro Altamirano\u201d a maestras y maestros con 40 a\u00f1os de antig\u00fcedad y el Est\u00edmulo \u201cLaura M\u00e9ndez de Cuenca\u201d a las y los profesores mejor evaluados.<\/p><\/blockquote><\/figure>\n\n\n\n<p class=\"has-drop-cap\">La Gobernadora Delfina G\u00f3mez \u00c1lvarez dio a conocer la asignaci\u00f3n de dos mil basificaciones para el magisterio mexiquense; lo anterior, durante la entrega de la Presea de \u201cHonor Estado de M\u00e9xico,\u201d la Condecoraci\u00f3n \u201cMaestro Altamirano\u201d y el Est\u00edmulo \u201cLaura M\u00e9ndez de Cuenca,\u201d galardones que reconocen la trayectoria ejemplar de quienes, como ella, eligieron la sensible y humana profesi\u00f3n de la docencia.<br><\/p>\n\n\n\n<p>\u201cEn una primera etapa, la meta ser\u00e1 basificar a m\u00e1s de dos mil maestras y maestros estatales de subsistema estatal, priorizando a quienes cuentan con m\u00e1s antig\u00fcedad, y se har\u00e1 con recursos estatales, porque paralelamente seguiremos trabajando con los maestros federales\u201d, se\u00f1al\u00f3 la Gobernadora Delfina G\u00f3mez \u00c1lvarez.<br><\/p>\n\n\n\n<p>En el marco del D\u00eda de la Maestra y el Maestro, la Mandataria Estatal record\u00f3 que durante su administraci\u00f3n se ha basificado a 7 mil 924 docentes y se ha reforzado la pol\u00edtica educativa en sinton\u00eda con la visi\u00f3n de la Presidenta Claudia Sheinbaum Pardo, reafirmando que la educaci\u00f3n p\u00fablica, gratuita, inclusiva, cient\u00edfica y con profundo sentido social es la piedra angular del bienestar de M\u00e9xico.<br><\/p>\n\n\n\n<p>\u201cEn nuestro querido Estado hemos iniciado acciones como la basificaci\u00f3n docente, el fortalecimiento del programa La Escuela es Nuestra, las becas educativas, la revalorizaci\u00f3n de las culturas originarias y el respeto a la autonom\u00eda profesional de las y los docentes para caminar hacia una educaci\u00f3n con justicia, con pertenencia y con dignidad\u201d, destac\u00f3 la Maestra Delfina G\u00f3mez \u00c1lvarez.<br><\/p>\n\n\n\n<figure class=\"wp-block-image size-large\"><img fetchpriority=\"high\" decoding=\"async\" width=\"1024\" height=\"506\" src=\"https:\/\/elinformante.mx\/wp-content\/uploads\/2025\/05\/8DELFINA-2-2-1024x506.jpg\" alt=\"\" class=\"wp-image-83928\" srcset=\"https:\/\/elinformante.mx\/wp-content\/uploads\/2025\/05\/8DELFINA-2-2-1024x506.jpg 1024w, https:\/\/elinformante.mx\/wp-content\/uploads\/2025\/05\/8DELFINA-2-2-300x148.jpg 300w, https:\/\/elinformante.mx\/wp-content\/uploads\/2025\/05\/8DELFINA-2-2-768x379.jpg 768w, https:\/\/elinformante.mx\/wp-content\/uploads\/2025\/05\/8DELFINA-2-2.jpg 1140w\" sizes=\"(max-width: 1024px) 100vw, 1024px\" \/><\/figure>\n\n\n\n<p>Ante cientos de colegas, la Mandataria Estatal refiri\u00f3 que el apoyo al magisterio es primordial, ya que con paciencia y vocaci\u00f3n son protagonistas del cambio social, al convivir con talentos, necesidades y sue\u00f1os distintos en cada aula.<br><\/p>\n\n\n\n<p>Asimismo, hizo un reconocimiento al trabajo colaborativo de las autoridades sindicales: \u201cagradezco al Sindicato de Maestros al Servicio del Estado de M\u00e9xico (SMSEM), as\u00ed como a las secciones 17 y 36 del Sindicato Nacional de Trabajadores de la Educaci\u00f3n (SNTE), su compromiso decidido con sus agremiados\u201d, puntualiz\u00f3 la Gobernadora Delfina G\u00f3mez \u00c1lvarez.<br><\/p>\n\n\n\n<p>La \u201cPresea Honor Estado de M\u00e9xico\u201d se otorga a maestras y maestros con m\u00e1s de 25 a\u00f1os de servicio; la Condecoraci\u00f3n \u201cMaestro Altamirano\u201d reconoce trayectorias de 40 a\u00f1os en las aulas; y el Est\u00edmulo \u201cLaura M\u00e9ndez de Cuenca\u201d destaca la excelencia y vocaci\u00f3n pedag\u00f3gica de los profesores mejor evaluados en el sistema educativo estatal.<br><\/p>\n\n\n\n<p>A la ceremonia asistieron Fernando D\u00edaz Ju\u00e1rez, Presidente del Tribunal Superior de Justicia y del Consejo de la Judicatura del Poder Judicial del Estado de M\u00e9xico; Maurilio Hern\u00e1ndez Gonz\u00e1lez, Presidente de la Mesa Directiva de la C\u00e1mara de Diputados LXII Legislatura; Jos\u00e9 Francisco V\u00e1zquez Rodr\u00edguez, Presidente de la Junta de Coordinaci\u00f3n Pol\u00edtica de la LXII Legislatura, y Rigoberto Vargas Cervantes, Presidente de la Comisi\u00f3n de Educaci\u00f3n, Cultura, Ciencia y Tecnolog\u00eda.<\/p>\n","protected":false},"excerpt":{"rendered":"<p>Adem\u00e1s, la Mandataria estatal concede la Condecoraci\u00f3n \u201cMaestro Altamirano\u201d a maestras y maestros con 40 a\u00f1os de antig\u00fcedad y el Est\u00edmulo \u201cLaura M\u00e9ndez de Cuenca\u201d a las y los profesores mejor evaluados. La Gobernadora Delfina G\u00f3mez \u00c1lvarez dio a conocer la asignaci\u00f3n de dos mil basificaciones para el magisterio mexiquense; lo anterior, durante la entrega [&hellip;]<\/p>\n","protected":false},"author":1,"featured_media":83927,"comment_status":"closed","ping_status":"closed","sticky":false,"template":"","format":"standard","meta":{"footnotes":""},"categories":[30,36,31],"tags":[],"class_list":["post-83926","post","type-post","status-publish","format-standard","has-post-thumbnail","hentry","category-destacado","category-edomex","category-portada"],"_links":{"self":[{"href":"https:\/\/elinformante.mx\/index.php?rest_route=\/wp\/v2\/posts\/83926","targetHints":{"allow":["GET"]}}],"collection":[{"href":"https:\/\/elinformante.mx\/index.php?rest_route=\/wp\/v2\/posts"}],"about":[{"href":"https:\/\/elinformante.mx\/index.php?rest_route=\/wp\/v2\/types\/post"}],"author":[{"embeddable":true,"href":"https:\/\/elinformante.mx\/index.php?rest_route=\/wp\/v2\/users\/1"}],"replies":[{"embeddable":true,"href":"https:\/\/elinformante.mx\/index.php?rest_route=%2Fwp%2Fv2%2Fcomments&post=83926"}],"version-history":[{"count":0,"href":"https:\/\/elinformante.mx\/index.php?rest_route=\/wp\/v2\/posts\/83926\/revisions"}],"wp:featuredmedia":[{"embeddable":true,"href":"https:\/\/elinformante.mx\/index.php?rest_route=\/wp\/v2\/media\/83927"}],"wp:attachment":[{"href":"https:\/\/elinformante.mx\/index.php?rest_route=%2Fwp%2Fv2%2Fmedia&parent=83926"}],"wp:term":[{"taxonomy":"category","embeddable":true,"href":"https:\/\/elinformante.mx\/index.php?rest_route=%2Fwp%2Fv2%2Fcategories&post=83926"},{"taxonomy":"post_tag","embeddable":true,"href":"https:\/\/elinformante.mx\/index.php?rest_route=%2Fwp%2Fv2%2Ftags&post=83926"}],"curies":[{"name":"wp","href":"https:\/\/api.w.org\/{rel}","templated":true}]}}