{"id":83936,"date":"2025-05-22T06:54:32","date_gmt":"2025-05-22T12:54:32","guid":{"rendered":"https:\/\/elinformante.mx\/?p=83936"},"modified":"2025-05-22T06:54:34","modified_gmt":"2025-05-22T12:54:34","slug":"se-suma-la-alcaldia-cuauhtemoc-a-clinica-de-manejo-seguro-para-repartidores-de-plataformas-digitales","status":"publish","type":"post","link":"https:\/\/elinformante.mx\/?p=83936","title":{"rendered":"Se suma la alcald\u00eda Cuauht\u00e9moc a cl\u00ednica de manejo seguro para repartidores de plataformas digitales"},"content":{"rendered":"\n<figure class=\"wp-block-pullquote\"><blockquote><p>En coordinaci\u00f3n con Rappi, Nippy e Italika, m\u00e1s de 80 repartidores participaron en una jornada de capacitaci\u00f3n en seguridad vial.<\/p><\/blockquote><\/figure>\n\n\n\n<p class=\"has-drop-cap\">La Alcald\u00eda Cuauht\u00e9moc, en coordinaci\u00f3n con Rappi M\u00e9xico, Nippy e Italika, particip\u00f3 en la Cl\u00ednica de Manejo Seguro, una jornada integral de formaci\u00f3n te\u00f3rico-pr\u00e1ctica dirigida a repartidoras y repartidores que operan a trav\u00e9s de plataformas digitales, con el objetivo de fortalecer su seguridad vial.<br><\/p>\n\n\n\n<p>La jornada, realizada como parte del movimiento global Mayo Amarillo, incluy\u00f3 talleres, revisiones t\u00e9cnicas y charlas de prevenci\u00f3n de accidentes, enfocadas en la cultura de movilidad responsable. M\u00e1s de 80 repartidores de la plataforma Rappi recibieron capacitaci\u00f3n especializada de la mano de expertos de la Academia de Manejo Italika y del equipo de Nippy M\u00e9xico.<br><\/p>\n\n\n\n<p>Durante el evento se ofrecieron m\u00f3dulos sobre normativas viales, manejo seguro en condiciones reales, autocuidado emocional y revisi\u00f3n gratuita de motocicletas. Adem\u00e1s, se entregaron kits con equipo de protecci\u00f3n e insumos b\u00e1sicos para el trabajo en calle.<br><\/p>\n\n\n\n<p>Desde el inicio de su gobierno, la alcaldesa Ale Rojo de la Vega ha impulsado una pol\u00edtica de movilidad con enfoque en seguridad, dignidad y corresponsabilidad. \u201cEsta colaboraci\u00f3n refleja nuestro compromiso por proteger a quienes todos los d\u00edas se exponen en las calles. \u201cGobernamos con hechos, no con discursos\u201d, subray\u00f3.<br><\/p>\n\n\n\n<p>La jornada forma parte de una estrategia m\u00e1s amplia de prevenci\u00f3n que, en Cuauht\u00e9moc, se traduce en operativos permanentes, atenci\u00f3n inmediata y alianzas p\u00fablico-privadas que suman a la construcci\u00f3n de una ciudad m\u00e1s segura para todas y todos.<\/p>\n","protected":false},"excerpt":{"rendered":"<p>En coordinaci\u00f3n con Rappi, Nippy e Italika, m\u00e1s de 80 repartidores participaron en una jornada de capacitaci\u00f3n en seguridad vial. La Alcald\u00eda Cuauht\u00e9moc, en coordinaci\u00f3n con Rappi M\u00e9xico, Nippy e Italika, particip\u00f3 en la Cl\u00ednica de Manejo Seguro, una jornada integral de formaci\u00f3n te\u00f3rico-pr\u00e1ctica dirigida a repartidoras y repartidores que operan a trav\u00e9s de plataformas [&hellip;]<\/p>\n","protected":false},"author":1,"featured_media":83937,"comment_status":"closed","ping_status":"closed","sticky":false,"template":"","format":"standard","meta":{"footnotes":""},"categories":[35],"tags":[],"class_list":["post-83936","post","type-post","status-publish","format-standard","has-post-thumbnail","hentry","category-cdmx"],"_links":{"self":[{"href":"https:\/\/elinformante.mx\/index.php?rest_route=\/wp\/v2\/posts\/83936","targetHints":{"allow":["GET"]}}],"collection":[{"href":"https:\/\/elinformante.mx\/index.php?rest_route=\/wp\/v2\/posts"}],"about":[{"href":"https:\/\/elinformante.mx\/index.php?rest_route=\/wp\/v2\/types\/post"}],"author":[{"embeddable":true,"href":"https:\/\/elinformante.mx\/index.php?rest_route=\/wp\/v2\/users\/1"}],"replies":[{"embeddable":true,"href":"https:\/\/elinformante.mx\/index.php?rest_route=%2Fwp%2Fv2%2Fcomments&post=83936"}],"version-history":[{"count":0,"href":"https:\/\/elinformante.mx\/index.php?rest_route=\/wp\/v2\/posts\/83936\/revisions"}],"wp:featuredmedia":[{"embeddable":true,"href":"https:\/\/elinformante.mx\/index.php?rest_route=\/wp\/v2\/media\/83937"}],"wp:attachment":[{"href":"https:\/\/elinformante.mx\/index.php?rest_route=%2Fwp%2Fv2%2Fmedia&parent=83936"}],"wp:term":[{"taxonomy":"category","embeddable":true,"href":"https:\/\/elinformante.mx\/index.php?rest_route=%2Fwp%2Fv2%2Fcategories&post=83936"},{"taxonomy":"post_tag","embeddable":true,"href":"https:\/\/elinformante.mx\/index.php?rest_route=%2Fwp%2Fv2%2Ftags&post=83936"}],"curies":[{"name":"wp","href":"https:\/\/api.w.org\/{rel}","templated":true}]}}