{"id":83939,"date":"2025-05-22T06:57:24","date_gmt":"2025-05-22T12:57:24","guid":{"rendered":"https:\/\/elinformante.mx\/?p=83939"},"modified":"2025-05-22T06:57:26","modified_gmt":"2025-05-22T12:57:26","slug":"inicia-en-alcaldia-gam-reclutamiento-por-parte-del-servicio-de-proteccion-federal","status":"publish","type":"post","link":"https:\/\/elinformante.mx\/?p=83939","title":{"rendered":"Inicia en alcald\u00eda GAM reclutamiento por parte del Servicio de Protecci\u00f3n Federal"},"content":{"rendered":"\n<figure class=\"wp-block-pullquote\"><blockquote><p>Recibir\u00e1n las solicitudes en el m\u00f3dulo de atenci\u00f3n de la alcald\u00eda Gustavo A. Madero.<\/p><\/blockquote><\/figure>\n\n\n\n<p class=\"has-drop-cap\">El Servicio de Protecci\u00f3n Federal anunci\u00f3 que se llevar\u00e1 a cabo una jornada de reclutamiento hoy jueves en la alcald\u00eda Gustavo A. Madero, si buscas integrarte como guardia a esta corporaci\u00f3n.<br><\/p>\n\n\n\n<p>Anunciaron que la recepci\u00f3n de solicitudes se llevar\u00e1 a cabo en un horario de 10:00 a 14:00 horas en el m\u00f3dulo de atenci\u00f3n de la alcald\u00eda Gustavo A. Madero, ubicado en la calle 5 de Febrero, sin n\u00famero, colonia La Villa; el m\u00f3dulo se encuentra en el s\u00f3tano de la alcald\u00eda.<br><\/p>\n\n\n\n<p>Es necesario para poder ser elegible cumplir con algunos requisitos como: tener una edad de 18 a 65 a\u00f1os, escolaridad m\u00ednima de secundaria concluida, tener estatura m\u00ednima de 1.50 metros para mujeres y 1.60 metros para hombres, cartilla del servicio militar liberada (hombres), capacidad legal para ejercer un cargo p\u00fablico, no tener tatuajes visibles en la cara, nuca, cuello, manos u orejas, disponibilidad para cambiar de residencia a cualquier parte del pa\u00eds, buen estado de salud f\u00edsica y mental.<br><\/p>\n\n\n\n<p>El sueldo que ofrece la corporaci\u00f3n es de 12,906 pesos mensuales.<br><\/p>\n\n\n\n<p>En caso de cumplir con los requisitos y si deseas incorporarte al Servicio de Protecci\u00f3n Federal, debes presentar los siguientes documentos:<br><\/p>\n\n\n\n<p>Acta de nacimiento, certificado de estudios, identificaci\u00f3n oficial, cartilla militar liberada, curr\u00edculum, RFC con homoclave, Clave \u00danica de Registro de Poblaci\u00f3n (CURP), dos referencias personales, dos vecinales y dos laborales, 1 fotograf\u00eda reciente tama\u00f1o infantil y certificado m\u00e9dico.<br><\/p>\n\n\n\n<p>Adem\u00e1s informaron que, de haber perdido tu trabajo recientemente, el gobierno de la Ciudad de M\u00e9xico cuenta con un seguro de desempleo al que puedes acceder. El apoyo consiste en una transferencia monetaria a las personas en desocupaci\u00f3n laboral, as\u00ed como estrategias de promoci\u00f3n para incorporarse a un nuevo empleo.<br><\/p>\n\n\n\n<p>El programa est\u00e1 dirigido a personas mayores de edad que habiten en la capital del pa\u00eds y que hayan perdido involuntariamente su empleo formal. El rango de edad de la poblaci\u00f3n beneficiaria es de 18 a\u00f1os a 64 a\u00f1os y el apoyo tiene como objetivo ayudar a las personas a pagar gastos de transporte y otros vinculados con la b\u00fasqueda de un nuevo trabajo.<br><\/p>\n\n\n\n<p>Para tramitar el seguro por desempleo en la Ciudad de M\u00e9xico, ingresa al portal https:\/\/tramites.cdmx.gob.mx\/desempleo\/ y accede con tu cuenta Llave CDMX. Una vez iniciada la sesi\u00f3n, el sitio web solicitar\u00e1 los siguientes documentos:<br><\/p>\n\n\n\n<p>Carta compromiso (se genera en el portal), carta bajo protesta de decir la verdad, CURP, documento que avale la p\u00e9rdida del trabajo.<br><\/p>\n\n\n\n<p>Puede ser una constancia de semanas cotizadas otorgada por el Instituto Mexicano del Seguro Social (IMSS), o el expediente electr\u00f3nico que genera el Instituto de Seguridad y Servicios Sociales de los Trabajadores del Estado (ISSSTE).<\/p>\n","protected":false},"excerpt":{"rendered":"<p>Recibir\u00e1n las solicitudes en el m\u00f3dulo de atenci\u00f3n de la alcald\u00eda Gustavo A. Madero. El Servicio de Protecci\u00f3n Federal anunci\u00f3 que se llevar\u00e1 a cabo una jornada de reclutamiento hoy jueves en la alcald\u00eda Gustavo A. Madero, si buscas integrarte como guardia a esta corporaci\u00f3n. Anunciaron que la recepci\u00f3n de solicitudes se llevar\u00e1 a cabo [&hellip;]<\/p>\n","protected":false},"author":1,"featured_media":83940,"comment_status":"closed","ping_status":"closed","sticky":false,"template":"","format":"standard","meta":{"footnotes":""},"categories":[35,30],"tags":[],"class_list":["post-83939","post","type-post","status-publish","format-standard","has-post-thumbnail","hentry","category-cdmx","category-destacado"],"_links":{"self":[{"href":"https:\/\/elinformante.mx\/index.php?rest_route=\/wp\/v2\/posts\/83939","targetHints":{"allow":["GET"]}}],"collection":[{"href":"https:\/\/elinformante.mx\/index.php?rest_route=\/wp\/v2\/posts"}],"about":[{"href":"https:\/\/elinformante.mx\/index.php?rest_route=\/wp\/v2\/types\/post"}],"author":[{"embeddable":true,"href":"https:\/\/elinformante.mx\/index.php?rest_route=\/wp\/v2\/users\/1"}],"replies":[{"embeddable":true,"href":"https:\/\/elinformante.mx\/index.php?rest_route=%2Fwp%2Fv2%2Fcomments&post=83939"}],"version-history":[{"count":0,"href":"https:\/\/elinformante.mx\/index.php?rest_route=\/wp\/v2\/posts\/83939\/revisions"}],"wp:featuredmedia":[{"embeddable":true,"href":"https:\/\/elinformante.mx\/index.php?rest_route=\/wp\/v2\/media\/83940"}],"wp:attachment":[{"href":"https:\/\/elinformante.mx\/index.php?rest_route=%2Fwp%2Fv2%2Fmedia&parent=83939"}],"wp:term":[{"taxonomy":"category","embeddable":true,"href":"https:\/\/elinformante.mx\/index.php?rest_route=%2Fwp%2Fv2%2Fcategories&post=83939"},{"taxonomy":"post_tag","embeddable":true,"href":"https:\/\/elinformante.mx\/index.php?rest_route=%2Fwp%2Fv2%2Ftags&post=83939"}],"curies":[{"name":"wp","href":"https:\/\/api.w.org\/{rel}","templated":true}]}}