{"id":83945,"date":"2025-05-22T07:03:13","date_gmt":"2025-05-22T13:03:13","guid":{"rendered":"https:\/\/elinformante.mx\/?p=83945"},"modified":"2025-05-22T07:03:17","modified_gmt":"2025-05-22T13:03:17","slug":"clara-brugada-inaugura-el-primer-centro-del-sistema-publico-de-cuidados-de-cdmx","status":"publish","type":"post","link":"https:\/\/elinformante.mx\/?p=83945","title":{"rendered":"Clara Brugada inaugura el primer centro del Sistema P\u00fablico de Cuidados de CDMX"},"content":{"rendered":"\n<figure class=\"wp-block-pullquote\"><blockquote><p>-Anunci\u00f3 la instalaci\u00f3n de 200 espacios de atenci\u00f3n en toda la ciudad; 100 de ellos se ubicar\u00e1n en las Utop\u00edas, Pilares y otros espacios p\u00fablicos.<\/p><\/blockquote><\/figure>\n\n\n\n<p class=\"has-drop-cap\">La jefa de Gobierno, Clara Brugada Molina, encabez\u00f3 la inauguraci\u00f3n del primer Sistema P\u00fablico de Cuidados de la CDMX y la instalaci\u00f3n de la Junta de Promoci\u00f3n, cuyo objetivo ser\u00e1 instalar 200 espacios de atenci\u00f3n en toda la ciudad, 100 ubicadas en las Utop\u00edas y 100 en Pilares y otros espacios para consolidar el cuarto eje de la pol\u00edtica social enfocada a los cuidados y el bienestar de la capital.<br><\/p>\n\n\n\n<p>Tras realizar un recorrido por las instalaciones del primer Sistema P\u00fablico de Cuidados, el cual forma parte de los Pilares Ra\u00fal Rat\u00f3n Mac\u00edas, en la colonia Buenos Aires, alcald\u00eda Cuauht\u00e9moc, la mandataria capitalina destac\u00f3 que este sistema representa el cuarto pilar de la pol\u00edtica social de su gobierno que se une a la salud, a la educaci\u00f3n y a la seguridad social, que de manera conjunta tendr\u00e1n el gran objetivo de transformar a la capital en una sociedad cada vez m\u00e1s justa e igualitaria.<br><\/p>\n\n\n\n<p>Esta casa de las tres \u201cR\u201d, que tendr\u00e1 el nombre de Ximena Guzm\u00e1n Cuevas, como homenaje p\u00f3stumo a quien fuera su secretaria particular, contar\u00e1 con un centro de cuidado y desarrollo infantil para ni\u00f1os de 6 meses a 6 a\u00f1os; habr\u00e1 lavander\u00eda, comedor comunitario, casa de d\u00eda para adultos, centro de atenci\u00f3n para personas con discapacidad, espacio de rehabilitaci\u00f3n con alberca adaptada y una sala, \u201cEl Reto es Cuidar\u201d, dirigida a hombres.<br><\/p>\n\n\n\n<p>En total son 3 mil metros cuadrados de construcci\u00f3n, que incluir\u00e1 casa de d\u00eda para adultos mayores, lavander\u00eda, sala de reposo, casa de salud con consultorios m\u00e9dicos y odontol\u00f3gicos, laboratorio y un consultorio Condesa para la atenci\u00f3n prioritaria de adultos mayores, mujeres y personas con vulnerabilidad, as\u00ed como espacios para la pr\u00e1ctica deportiva.<br><\/p>\n\n\n\n<p>Con respecto a la instalaci\u00f3n de la Junta Promotora del Sistema P\u00fablico de Cuidados, Clara Brugada dijo que tendr\u00e1 un car\u00e1cter interinstitucional, con participaci\u00f3n de secretar\u00edas, especialistas, diputados y legisladores para revisar y presentar la iniciativa de ley ante el Congreso de la Ciudad; adem\u00e1s, tendr\u00e1 la tarea de implementar las 200 casas del tres \u201cR\u201d y el programa \u201cLa ciudad cuida a los que cuidan\u201d.<br><\/p>\n\n\n\n<figure class=\"wp-block-image size-large\"><img fetchpriority=\"high\" decoding=\"async\" width=\"1024\" height=\"506\" src=\"https:\/\/elinformante.mx\/wp-content\/uploads\/2025\/05\/5clara-2-3-1024x506.jpeg\" alt=\"\" class=\"wp-image-83947\" srcset=\"https:\/\/elinformante.mx\/wp-content\/uploads\/2025\/05\/5clara-2-3-1024x506.jpeg 1024w, https:\/\/elinformante.mx\/wp-content\/uploads\/2025\/05\/5clara-2-3-300x148.jpeg 300w, https:\/\/elinformante.mx\/wp-content\/uploads\/2025\/05\/5clara-2-3-768x379.jpeg 768w, https:\/\/elinformante.mx\/wp-content\/uploads\/2025\/05\/5clara-2-3.jpeg 1140w\" sizes=\"(max-width: 1024px) 100vw, 1024px\" \/><\/figure>\n\n\n\n<p>En el caso de los Centros de Cuidado y Desarrollo Infantil, explic\u00f3 que se construir\u00e1n 300 en total: 200 que habr\u00e1 en las casas del Sistema de Cuidados y 100 m\u00e1s a cargo de la Secretar\u00eda de Trabajo y Fomento al Empleo, a trav\u00e9s de las cooperativas del cuidado, que se llamar\u00e1n CUCOS.<br><\/p>\n\n\n\n<p>Por su parte, la secretaria de Bienestar e Igualdad Social de la Ciudad de M\u00e9xico (SEBIEN), Araceli Dami\u00e1n Gonz\u00e1lez, dijo que el Sistema de Cuidados hace justicia tanto a las personas cuidadoras, en su mayor\u00eda mujeres, como a quienes tienen el derecho al cuidado.<br><\/p>\n\n\n\n<p>La titular de la SEBIEN resalt\u00f3 que este es uno de los proyectos sociales m\u00e1s importantes del gobierno capitalino, posicionar\u00e1 a la Ciudad de M\u00e9xico a la vanguardia en el plano nacional e internacional y permitir\u00e1 reducir la pobreza de tiempo, una desigualdad que recae principalmente en las mujeres pobres.<br><\/p>\n\n\n\n<p>\u201cEstas Casas de las Tres \u201cR\u201d (revalorar, reducir y redistribuir) que estamos instalando constituyen una pol\u00edtica revolucionaria y construyen esta idea del bienestar, el florecimiento y la utop\u00eda en nuestra ciudad.<br><\/p>\n\n\n\n<p>Las mujeres cuidadoras son primero en nuestro Sistema P\u00fablico de Cuidados. Es fundamental cuidar a quienes nos cuidan y con esta iniciativa damos el primer paso en ese sentido. \u201cEs tiempo de mujeres y es tiempo de mujeres sin pobreza de tiempo\u201d, dijo.<br><\/p>\n\n\n\n<p>Durante su intervenci\u00f3n, la secretaria de las Mujeres del Gobierno de M\u00e9xico, Citlalli Hern\u00e1ndez Mora, asegur\u00f3 que la Ciudad de M\u00e9xico ha sido vanguardia en materia de pol\u00edticas p\u00fablicas que promueven el sistema de cuidados.<\/p>\n","protected":false},"excerpt":{"rendered":"<p>-Anunci\u00f3 la instalaci\u00f3n de 200 espacios de atenci\u00f3n en toda la ciudad; 100 de ellos se ubicar\u00e1n en las Utop\u00edas, Pilares y otros espacios p\u00fablicos. La jefa de Gobierno, Clara Brugada Molina, encabez\u00f3 la inauguraci\u00f3n del primer Sistema P\u00fablico de Cuidados de la CDMX y la instalaci\u00f3n de la Junta de Promoci\u00f3n, cuyo objetivo ser\u00e1 [&hellip;]<\/p>\n","protected":false},"author":1,"featured_media":83946,"comment_status":"closed","ping_status":"closed","sticky":false,"template":"","format":"standard","meta":{"footnotes":""},"categories":[35,30],"tags":[],"class_list":["post-83945","post","type-post","status-publish","format-standard","has-post-thumbnail","hentry","category-cdmx","category-destacado"],"_links":{"self":[{"href":"https:\/\/elinformante.mx\/index.php?rest_route=\/wp\/v2\/posts\/83945","targetHints":{"allow":["GET"]}}],"collection":[{"href":"https:\/\/elinformante.mx\/index.php?rest_route=\/wp\/v2\/posts"}],"about":[{"href":"https:\/\/elinformante.mx\/index.php?rest_route=\/wp\/v2\/types\/post"}],"author":[{"embeddable":true,"href":"https:\/\/elinformante.mx\/index.php?rest_route=\/wp\/v2\/users\/1"}],"replies":[{"embeddable":true,"href":"https:\/\/elinformante.mx\/index.php?rest_route=%2Fwp%2Fv2%2Fcomments&post=83945"}],"version-history":[{"count":0,"href":"https:\/\/elinformante.mx\/index.php?rest_route=\/wp\/v2\/posts\/83945\/revisions"}],"wp:featuredmedia":[{"embeddable":true,"href":"https:\/\/elinformante.mx\/index.php?rest_route=\/wp\/v2\/media\/83946"}],"wp:attachment":[{"href":"https:\/\/elinformante.mx\/index.php?rest_route=%2Fwp%2Fv2%2Fmedia&parent=83945"}],"wp:term":[{"taxonomy":"category","embeddable":true,"href":"https:\/\/elinformante.mx\/index.php?rest_route=%2Fwp%2Fv2%2Fcategories&post=83945"},{"taxonomy":"post_tag","embeddable":true,"href":"https:\/\/elinformante.mx\/index.php?rest_route=%2Fwp%2Fv2%2Ftags&post=83945"}],"curies":[{"name":"wp","href":"https:\/\/api.w.org\/{rel}","templated":true}]}}