{"id":83963,"date":"2025-05-22T07:25:52","date_gmt":"2025-05-22T13:25:52","guid":{"rendered":"https:\/\/elinformante.mx\/?p=83963"},"modified":"2025-05-22T07:25:59","modified_gmt":"2025-05-22T13:25:59","slug":"mexico-exigira-a-israel-explicacion-de-los-disparos-a-diplomaticos-mexicanos-en-cisjordania","status":"publish","type":"post","link":"https:\/\/elinformante.mx\/?p=83963","title":{"rendered":"M\u00e9xico exigir\u00e1 a Israel explicaci\u00f3n de los disparos a diplom\u00e1ticos mexicanos en Cisjordania"},"content":{"rendered":"\n<figure class=\"wp-block-pullquote\"><blockquote><p>Se pudo observar en un video c\u00f3mo varios diplom\u00e1ticos fueron objeto de disparos por parte de soldados israel\u00edes en Yenin, Cisjordania.<\/p><\/blockquote><\/figure>\n\n\n\n<p class=\"has-drop-cap\">Entre los diplom\u00e1ticos atacados se encontraban los mexicanos Pedro Blanco P\u00e9rez y Julio C\u00e9sar Escobedo Flores, por lo que la Canciller\u00eda pedir\u00e1 a la embajada de Israel en M\u00e9xico que brinde las aclaraciones que el caso amerita.<br><\/p>\n\n\n\n<p>Tras la agresi\u00f3n sufrida, la Secretar\u00eda de Relaciones Exteriores (SRE) inform\u00f3 que Blanco y Escobedo, respectivos titular y representante alterno de la Oficina de la Representaci\u00f3n de M\u00e9xico en Palestina, formaban parte de la delegaci\u00f3n de representantes de 32 pa\u00edses que realiz\u00f3 la visita de campo en Yenin.<br><\/p>\n\n\n\n<p>La Canciller\u00eda se mostr\u00f3 dudosa de la explicaci\u00f3n brindada por el gobierno de Israel, al tratar de justificar los disparos en contra de los diplom\u00e1ticos que ten\u00edan como objetivo ahuyentarlos.<br><\/p>\n\n\n\n<p>Se\u00f1al\u00f3 la canciller\u00eda que, contrario a lo que sostuvo Tel Aviv, la misi\u00f3n no penetr\u00f3 en una zona no autorizada, pues sostuvo que no existe registro de que esto hubiese ocurrido.<br><\/p>\n\n\n\n<p>Pero la dependencia subray\u00f3 que la agresi\u00f3n contra el personal diplom\u00e1tico va en detrimento del art\u00edculo 29 de la Convenci\u00f3n de Viena de Relaciones Diplom\u00e1ticas, y record\u00f3 que Israel est\u00e1 obligado a respetarla.<br><\/p>\n\n\n\n<p>Este ataque contra los diplom\u00e1ticos ocurre en medio de la escalada de reclamos internacionales contra las masacres perpetradas por el gobierno de Israel en Gaza y contra la aceleraci\u00f3n de la colonizaci\u00f3n de territorios palestinos en Cisjordania.<\/p>\n","protected":false},"excerpt":{"rendered":"<p>Se pudo observar en un video c\u00f3mo varios diplom\u00e1ticos fueron objeto de disparos por parte de soldados israel\u00edes en Yenin, Cisjordania. Entre los diplom\u00e1ticos atacados se encontraban los mexicanos Pedro Blanco P\u00e9rez y Julio C\u00e9sar Escobedo Flores, por lo que la Canciller\u00eda pedir\u00e1 a la embajada de Israel en M\u00e9xico que brinde las aclaraciones que [&hellip;]<\/p>\n","protected":false},"author":1,"featured_media":83964,"comment_status":"closed","ping_status":"closed","sticky":false,"template":"","format":"standard","meta":{"footnotes":""},"categories":[30,34],"tags":[],"class_list":["post-83963","post","type-post","status-publish","format-standard","has-post-thumbnail","hentry","category-destacado","category-nacional"],"_links":{"self":[{"href":"https:\/\/elinformante.mx\/index.php?rest_route=\/wp\/v2\/posts\/83963","targetHints":{"allow":["GET"]}}],"collection":[{"href":"https:\/\/elinformante.mx\/index.php?rest_route=\/wp\/v2\/posts"}],"about":[{"href":"https:\/\/elinformante.mx\/index.php?rest_route=\/wp\/v2\/types\/post"}],"author":[{"embeddable":true,"href":"https:\/\/elinformante.mx\/index.php?rest_route=\/wp\/v2\/users\/1"}],"replies":[{"embeddable":true,"href":"https:\/\/elinformante.mx\/index.php?rest_route=%2Fwp%2Fv2%2Fcomments&post=83963"}],"version-history":[{"count":0,"href":"https:\/\/elinformante.mx\/index.php?rest_route=\/wp\/v2\/posts\/83963\/revisions"}],"wp:featuredmedia":[{"embeddable":true,"href":"https:\/\/elinformante.mx\/index.php?rest_route=\/wp\/v2\/media\/83964"}],"wp:attachment":[{"href":"https:\/\/elinformante.mx\/index.php?rest_route=%2Fwp%2Fv2%2Fmedia&parent=83963"}],"wp:term":[{"taxonomy":"category","embeddable":true,"href":"https:\/\/elinformante.mx\/index.php?rest_route=%2Fwp%2Fv2%2Fcategories&post=83963"},{"taxonomy":"post_tag","embeddable":true,"href":"https:\/\/elinformante.mx\/index.php?rest_route=%2Fwp%2Fv2%2Ftags&post=83963"}],"curies":[{"name":"wp","href":"https:\/\/api.w.org\/{rel}","templated":true}]}}