{"id":83975,"date":"2025-05-22T13:45:36","date_gmt":"2025-05-22T19:45:36","guid":{"rendered":"https:\/\/elinformante.mx\/?p=83975"},"modified":"2025-05-22T13:45:38","modified_gmt":"2025-05-22T19:45:38","slug":"sheinbaum-y-trump-hablan-durante-una-llamada","status":"publish","type":"post","link":"https:\/\/elinformante.mx\/?p=83975","title":{"rendered":"SHEINBAUM Y TRUMP HABLAN DURANTE UNA LLAMADA"},"content":{"rendered":"\n<p>En la conferencia matutina de hoy, la presidenta de M\u00e9xico, Claudia Sheinbaum Pardo, indic\u00f3 que sostuvo esta ma\u00f1ana una llamada con su hom\u00f3logo de EU, Donald J. Trump. Explic\u00f3 que no hubo \u201cnada en particular\u201d durante la llamada, pero se sigue negociando.<\/p>\n\n\n\n<p>Sheinbaum, indic\u00f3 \u201cTuvimos una llamada temprano con el presidente Trump, ma\u00f1ana se va del secretario de Econom\u00eda a Washington y seguimos hablando de los temas comerciales\u201d.<\/p>\n","protected":false},"excerpt":{"rendered":"<p>En la conferencia matutina de hoy, la presidenta de M\u00e9xico, Claudia Sheinbaum Pardo, indic\u00f3 que sostuvo esta ma\u00f1ana una llamada con su hom\u00f3logo de EU, Donald J. Trump. Explic\u00f3 que no hubo \u201cnada en particular\u201d durante la llamada, pero se sigue negociando. Sheinbaum, indic\u00f3 \u201cTuvimos una llamada temprano con el presidente Trump, ma\u00f1ana se va [&hellip;]<\/p>\n","protected":false},"author":2,"featured_media":83976,"comment_status":"closed","ping_status":"closed","sticky":false,"template":"","format":"standard","meta":{"footnotes":""},"categories":[33,34],"tags":[],"class_list":["post-83975","post","type-post","status-publish","format-standard","has-post-thumbnail","hentry","category-mundo","category-nacional"],"_links":{"self":[{"href":"https:\/\/elinformante.mx\/index.php?rest_route=\/wp\/v2\/posts\/83975","targetHints":{"allow":["GET"]}}],"collection":[{"href":"https:\/\/elinformante.mx\/index.php?rest_route=\/wp\/v2\/posts"}],"about":[{"href":"https:\/\/elinformante.mx\/index.php?rest_route=\/wp\/v2\/types\/post"}],"author":[{"embeddable":true,"href":"https:\/\/elinformante.mx\/index.php?rest_route=\/wp\/v2\/users\/2"}],"replies":[{"embeddable":true,"href":"https:\/\/elinformante.mx\/index.php?rest_route=%2Fwp%2Fv2%2Fcomments&post=83975"}],"version-history":[{"count":0,"href":"https:\/\/elinformante.mx\/index.php?rest_route=\/wp\/v2\/posts\/83975\/revisions"}],"wp:featuredmedia":[{"embeddable":true,"href":"https:\/\/elinformante.mx\/index.php?rest_route=\/wp\/v2\/media\/83976"}],"wp:attachment":[{"href":"https:\/\/elinformante.mx\/index.php?rest_route=%2Fwp%2Fv2%2Fmedia&parent=83975"}],"wp:term":[{"taxonomy":"category","embeddable":true,"href":"https:\/\/elinformante.mx\/index.php?rest_route=%2Fwp%2Fv2%2Fcategories&post=83975"},{"taxonomy":"post_tag","embeddable":true,"href":"https:\/\/elinformante.mx\/index.php?rest_route=%2Fwp%2Fv2%2Ftags&post=83975"}],"curies":[{"name":"wp","href":"https:\/\/api.w.org\/{rel}","templated":true}]}}