{"id":83981,"date":"2025-05-22T15:43:43","date_gmt":"2025-05-22T21:43:43","guid":{"rendered":"https:\/\/elinformante.mx\/?p=83981"},"modified":"2025-05-22T15:43:44","modified_gmt":"2025-05-22T21:43:44","slug":"sheinbaum-arremete-contra-calderon-nuevamente","status":"publish","type":"post","link":"https:\/\/elinformante.mx\/?p=83981","title":{"rendered":"SHEINBAUM ARREMETE CONTRA CALDER\u00d3N NUEVAMENTE"},"content":{"rendered":"\n<p>En la ma\u00f1anera de hoy, la presidenta de M\u00e9xico, Claudia Sheinbaum Pardo, arremeti\u00f3 contra el expresidente Felipe Calder\u00f3n, quien lament\u00f3 que con Donald J. Trump no habr\u00e1 intervenci\u00f3n estadounidense en Am\u00e9rica Latina, incluido M\u00e9xico.<\/p>\n\n\n\n<p>Sheinbaum, dijo que en su sexenio, de 2006 a 2012, fue el periodo donde mayor intervenci\u00f3n extranjera hubo. Se\u00f1al\u00f3 \u201cEs decir, Calder\u00f3n preocupado porque Estados Unidos no va a intervenir en M\u00e9xico\u201d.\u00a0\u00a0<\/p>\n","protected":false},"excerpt":{"rendered":"<p>En la ma\u00f1anera de hoy, la presidenta de M\u00e9xico, Claudia Sheinbaum Pardo, arremeti\u00f3 contra el expresidente Felipe Calder\u00f3n, quien lament\u00f3 que con Donald J. Trump no habr\u00e1 intervenci\u00f3n estadounidense en Am\u00e9rica Latina, incluido M\u00e9xico. Sheinbaum, dijo que en su sexenio, de 2006 a 2012, fue el periodo donde mayor intervenci\u00f3n extranjera hubo. Se\u00f1al\u00f3 \u201cEs decir, [&hellip;]<\/p>\n","protected":false},"author":2,"featured_media":83982,"comment_status":"closed","ping_status":"closed","sticky":false,"template":"","format":"standard","meta":{"footnotes":""},"categories":[34],"tags":[],"class_list":["post-83981","post","type-post","status-publish","format-standard","has-post-thumbnail","hentry","category-nacional"],"_links":{"self":[{"href":"https:\/\/elinformante.mx\/index.php?rest_route=\/wp\/v2\/posts\/83981","targetHints":{"allow":["GET"]}}],"collection":[{"href":"https:\/\/elinformante.mx\/index.php?rest_route=\/wp\/v2\/posts"}],"about":[{"href":"https:\/\/elinformante.mx\/index.php?rest_route=\/wp\/v2\/types\/post"}],"author":[{"embeddable":true,"href":"https:\/\/elinformante.mx\/index.php?rest_route=\/wp\/v2\/users\/2"}],"replies":[{"embeddable":true,"href":"https:\/\/elinformante.mx\/index.php?rest_route=%2Fwp%2Fv2%2Fcomments&post=83981"}],"version-history":[{"count":0,"href":"https:\/\/elinformante.mx\/index.php?rest_route=\/wp\/v2\/posts\/83981\/revisions"}],"wp:featuredmedia":[{"embeddable":true,"href":"https:\/\/elinformante.mx\/index.php?rest_route=\/wp\/v2\/media\/83982"}],"wp:attachment":[{"href":"https:\/\/elinformante.mx\/index.php?rest_route=%2Fwp%2Fv2%2Fmedia&parent=83981"}],"wp:term":[{"taxonomy":"category","embeddable":true,"href":"https:\/\/elinformante.mx\/index.php?rest_route=%2Fwp%2Fv2%2Fcategories&post=83981"},{"taxonomy":"post_tag","embeddable":true,"href":"https:\/\/elinformante.mx\/index.php?rest_route=%2Fwp%2Fv2%2Ftags&post=83981"}],"curies":[{"name":"wp","href":"https:\/\/api.w.org\/{rel}","templated":true}]}}