{"id":83995,"date":"2025-05-01T16:25:00","date_gmt":"2025-05-01T22:25:00","guid":{"rendered":"https:\/\/elinformante.mx\/?p=83995"},"modified":"2025-05-22T19:22:03","modified_gmt":"2025-05-23T01:22:03","slug":"al-conmemorar-el-dia-internacional-del-trabajo-jenaro-martinez-anuncia-pago-oportuno-de-la-gratificacion-por-el-dia-del-maestro-a-docentes-del-smsem","status":"publish","type":"post","link":"https:\/\/elinformante.mx\/?p=83995","title":{"rendered":"Al conmemorar el D\u00eda Internacional del Trabajo, Jenaro Mart\u00ednez anuncia pago oportuno de la Gratificaci\u00f3n por el D\u00eda del Maestro a docentes del SMSEM"},"content":{"rendered":"\n<figure class=\"wp-block-pullquote\"><blockquote><p>Durante la Concentraci\u00f3n por el Bienestar del Magisterio Estatal, ante m\u00e1s de 13 mil afiliados, el Secretario General insisti\u00f3 en procesos de basificaci\u00f3n justos y atenci\u00f3n m\u00e9dica digna del gremio educador.<br>El l\u00edder del SMSEM resalt\u00f3 la importancia de conmemorar a quienes dieron su vida por los derechos de los trabajadores.<\/p><\/blockquote><\/figure>\n\n\n\n<p class=\"has-drop-cap\">En el marco de la Concentraci\u00f3n por el Bienestar del Magisterio Estatal, con motivo del 139 Aniversario del D\u00eda Internacional del Trabajo, el Secretario General del Sindicato de Maestros al Servicio del Estado de M\u00e9xico (SMSEM), Jenaro Mart\u00ednez Reyes, anunci\u00f3 que el pago de la Gratificaci\u00f3n por el D\u00eda del Maestro ya est\u00e1 acordado dentro de la negociaci\u00f3n del Pliego Petitorio de Asuntos Econ\u00f3micos 2025 y que se realizar\u00e1 de forma oportuna en la primera quincena de mayo.<br><\/p>\n\n\n\n<figure class=\"wp-block-image size-large\"><img fetchpriority=\"high\" decoding=\"async\" width=\"1024\" height=\"506\" src=\"https:\/\/elinformante.mx\/wp-content\/uploads\/2025\/05\/IMG-20250522-WA0012-1024x506.jpg\" alt=\"\" class=\"wp-image-83998\" srcset=\"https:\/\/elinformante.mx\/wp-content\/uploads\/2025\/05\/IMG-20250522-WA0012-1024x506.jpg 1024w, https:\/\/elinformante.mx\/wp-content\/uploads\/2025\/05\/IMG-20250522-WA0012-300x148.jpg 300w, https:\/\/elinformante.mx\/wp-content\/uploads\/2025\/05\/IMG-20250522-WA0012-768x379.jpg 768w, https:\/\/elinformante.mx\/wp-content\/uploads\/2025\/05\/IMG-20250522-WA0012.jpg 1140w\" sizes=\"(max-width: 1024px) 100vw, 1024px\" \/><\/figure>\n\n\n\n<p>En su mensaje pronunciado en la Plaza de la Unidad Sindical, donde se reunieron m\u00e1s de 13 mil educadores, Mart\u00ednez Reyes inform\u00f3 que su dirigencia trabaja para que esta prestaci\u00f3n se otorgue a los Orientadores T\u00e9cnicos de Educaci\u00f3n Media Superior tipo \u201cA\u201d y \u201cB\u201d, con 13 horas adicionales en turno contrario, quienes tradicionalmente la han recibido de manera parcial. \u201cNo puede haber maestros de primera y de segunda clase, todos somos iguales\u201d, subray\u00f3.<br><\/p>\n\n\n\n<p>Como parte de las demandas expuestas, el Secretario General hizo un llamado a las autoridades educativas para que se detenga el exceso de carga administrativa impuesta al personal docente. Afirm\u00f3 que los procesos burocr\u00e1ticos restan tiempo valioso al ejercicio pedag\u00f3gico, especialmente cuando persisten bajo el argumento de haberse digitalizado. \u201c\u00a1Basta ya de tanta carga administrativa! Vamos por una simplificaci\u00f3n real que beneficie a docentes y estudiantes\u201d, afirm\u00f3.<br><\/p>\n\n\n\n<figure class=\"wp-block-image size-large\"><img decoding=\"async\" width=\"1024\" height=\"506\" src=\"https:\/\/elinformante.mx\/wp-content\/uploads\/2025\/05\/IMG-20250522-WA0013-1024x506.jpg\" alt=\"\" class=\"wp-image-83999\" srcset=\"https:\/\/elinformante.mx\/wp-content\/uploads\/2025\/05\/IMG-20250522-WA0013-1024x506.jpg 1024w, https:\/\/elinformante.mx\/wp-content\/uploads\/2025\/05\/IMG-20250522-WA0013-300x148.jpg 300w, https:\/\/elinformante.mx\/wp-content\/uploads\/2025\/05\/IMG-20250522-WA0013-768x379.jpg 768w, https:\/\/elinformante.mx\/wp-content\/uploads\/2025\/05\/IMG-20250522-WA0013.jpg 1140w\" sizes=\"(max-width: 1024px) 100vw, 1024px\" \/><\/figure>\n\n\n\n<p>En materia de salud, Mart\u00ednez Reyes exigi\u00f3 al ISSEMyM atenci\u00f3n m\u00e9dica oportuna, trato profesional y mejora constante en el abasto de medicamentos. Pidi\u00f3 tambi\u00e9n acelerar los tr\u00e1mites de jubilaci\u00f3n, se\u00f1alando que tanto el personal en activo como pensionado merece procesos justos.<br><\/p>\n\n\n\n<p>En lo que refiere a los asuntos laborales, el dirigente magisterial reconoci\u00f3 la publicaci\u00f3n reciente de la convocatoria de basificaciones, un trabajo conjunto entre la Secretar\u00eda de Educaci\u00f3n, Ciencia, Tecnolog\u00eda e Innovaci\u00f3n (SECTI) y el SMSEM, como resultado del di\u00e1logo permanente y la sinergia con la autoridad mexiquense.<br><\/p>\n\n\n\n<figure class=\"wp-block-image size-large\"><img decoding=\"async\" width=\"1024\" height=\"506\" src=\"https:\/\/elinformante.mx\/wp-content\/uploads\/2025\/05\/IMG-20250522-WA0015-1024x506.jpg\" alt=\"\" class=\"wp-image-84000\" srcset=\"https:\/\/elinformante.mx\/wp-content\/uploads\/2025\/05\/IMG-20250522-WA0015-1024x506.jpg 1024w, https:\/\/elinformante.mx\/wp-content\/uploads\/2025\/05\/IMG-20250522-WA0015-300x148.jpg 300w, https:\/\/elinformante.mx\/wp-content\/uploads\/2025\/05\/IMG-20250522-WA0015-768x379.jpg 768w, https:\/\/elinformante.mx\/wp-content\/uploads\/2025\/05\/IMG-20250522-WA0015.jpg 1140w\" sizes=\"(max-width: 1024px) 100vw, 1024px\" \/><\/figure>\n\n\n\n<p>Adem\u00e1s, respald\u00f3 la reforma nacional a la USICAMM para garantizar claridad en el ingreso y promoci\u00f3n; plante\u00f3 que las asignaciones iniciales sean de al menos 20 horas, \u201cpara no condenar desde el inicio a los maestros a una posible renuncia porque su sueldo no les alcanza para comida, transporte y hospedaje\u201d.<br><\/p>\n\n\n\n<p>Durante el acto, acompa\u00f1ado por el Subsecretario de Administraci\u00f3n y Finanzas, Ricardo L\u00f3pez Avenda\u00f1o, Mart\u00ednez Reyes remarc\u00f3 el momento pol\u00edtico que vive el magisterio estatal, al coincidir con un gobierno encabezado por una maestra, Delfina G\u00f3mez \u00c1lvarez, y un gabinete integrado por docentes en la SECTI, Secretar\u00eda del Trabajo y Oficial\u00eda Mayor. \u201cHoy negociamos con maestros como nosotros y eso nos da la ventaja de que nos entienden\u201d, dijo.<br><\/p>\n\n\n\n<figure class=\"wp-block-image size-large\"><img loading=\"lazy\" decoding=\"async\" width=\"1024\" height=\"506\" src=\"https:\/\/elinformante.mx\/wp-content\/uploads\/2025\/05\/IMG-20250522-WA0016-1024x506.jpg\" alt=\"\" class=\"wp-image-84001\" srcset=\"https:\/\/elinformante.mx\/wp-content\/uploads\/2025\/05\/IMG-20250522-WA0016-1024x506.jpg 1024w, https:\/\/elinformante.mx\/wp-content\/uploads\/2025\/05\/IMG-20250522-WA0016-300x148.jpg 300w, https:\/\/elinformante.mx\/wp-content\/uploads\/2025\/05\/IMG-20250522-WA0016-768x379.jpg 768w, https:\/\/elinformante.mx\/wp-content\/uploads\/2025\/05\/IMG-20250522-WA0016.jpg 1140w\" sizes=\"(max-width: 1024px) 100vw, 1024px\" \/><\/figure>\n\n\n\n<p>En su discurso, dirigido por primera vez a las 14 regiones sindicales, Jenaro Mart\u00ednez destac\u00f3 la importancia de conmemorar a quienes dieron su vida por jornadas de ocho horas. Se comprometi\u00f3 a trabajar por una organizaci\u00f3n que acompa\u00f1e permanentemente a los agentes de transformaci\u00f3n social, a lograr que nunca se sientan solos. \u201cEl Sindicato no pertenece a unos cuantos; es de todos los maestros del subsistema educativo estatal\u201d, puntualiz\u00f3 en el acto donde participaron integrantes del Comit\u00e9 Ejecutivo Estatal 2024-2027, Comisiones Especiales, Delegados Sindicales (recientemente electos) y Ex Secretarios del SMSEM.<br><\/p>\n\n\n\n<p>La jornada inici\u00f3 a primeras horas de este jueves, con la llegada de miles de maestros provenientes de los 125 municipios de la geograf\u00eda estatal, quienes entre m\u00fasica, porras, pancartas, globos, botargas y matracas hicieron vibrar a la colosal Plaza de la Unidad Sindical, refrendando su esp\u00edritu de lucha fraterna y solidaria en favor de sus hermanos\u00a0de\u00a0clase.<\/p>\n\n\n\n<figure class=\"wp-block-image size-large\"><img loading=\"lazy\" decoding=\"async\" width=\"1024\" height=\"506\" src=\"https:\/\/elinformante.mx\/wp-content\/uploads\/2025\/05\/IMG-20250522-WA0014-1024x506.jpg\" alt=\"\" class=\"wp-image-84002\" srcset=\"https:\/\/elinformante.mx\/wp-content\/uploads\/2025\/05\/IMG-20250522-WA0014-1024x506.jpg 1024w, https:\/\/elinformante.mx\/wp-content\/uploads\/2025\/05\/IMG-20250522-WA0014-300x148.jpg 300w, https:\/\/elinformante.mx\/wp-content\/uploads\/2025\/05\/IMG-20250522-WA0014-768x379.jpg 768w, https:\/\/elinformante.mx\/wp-content\/uploads\/2025\/05\/IMG-20250522-WA0014.jpg 1140w\" sizes=\"(max-width: 1024px) 100vw, 1024px\" \/><\/figure>\n","protected":false},"excerpt":{"rendered":"<p>Durante la Concentraci\u00f3n por el Bienestar del Magisterio Estatal, ante m\u00e1s de 13 mil afiliados, el Secretario General insisti\u00f3 en procesos de basificaci\u00f3n justos y atenci\u00f3n m\u00e9dica digna del gremio educador.El l\u00edder del SMSEM resalt\u00f3 la importancia de conmemorar a quienes dieron su vida por los derechos de los trabajadores. En el marco de la [&hellip;]<\/p>\n","protected":false},"author":1,"featured_media":83997,"comment_status":"closed","ping_status":"closed","sticky":false,"template":"","format":"standard","meta":{"footnotes":""},"categories":[36],"tags":[],"class_list":["post-83995","post","type-post","status-publish","format-standard","has-post-thumbnail","hentry","category-edomex"],"_links":{"self":[{"href":"https:\/\/elinformante.mx\/index.php?rest_route=\/wp\/v2\/posts\/83995","targetHints":{"allow":["GET"]}}],"collection":[{"href":"https:\/\/elinformante.mx\/index.php?rest_route=\/wp\/v2\/posts"}],"about":[{"href":"https:\/\/elinformante.mx\/index.php?rest_route=\/wp\/v2\/types\/post"}],"author":[{"embeddable":true,"href":"https:\/\/elinformante.mx\/index.php?rest_route=\/wp\/v2\/users\/1"}],"replies":[{"embeddable":true,"href":"https:\/\/elinformante.mx\/index.php?rest_route=%2Fwp%2Fv2%2Fcomments&post=83995"}],"version-history":[{"count":0,"href":"https:\/\/elinformante.mx\/index.php?rest_route=\/wp\/v2\/posts\/83995\/revisions"}],"wp:featuredmedia":[{"embeddable":true,"href":"https:\/\/elinformante.mx\/index.php?rest_route=\/wp\/v2\/media\/83997"}],"wp:attachment":[{"href":"https:\/\/elinformante.mx\/index.php?rest_route=%2Fwp%2Fv2%2Fmedia&parent=83995"}],"wp:term":[{"taxonomy":"category","embeddable":true,"href":"https:\/\/elinformante.mx\/index.php?rest_route=%2Fwp%2Fv2%2Fcategories&post=83995"},{"taxonomy":"post_tag","embeddable":true,"href":"https:\/\/elinformante.mx\/index.php?rest_route=%2Fwp%2Fv2%2Ftags&post=83995"}],"curies":[{"name":"wp","href":"https:\/\/api.w.org\/{rel}","templated":true}]}}