{"id":84014,"date":"2025-05-12T16:57:00","date_gmt":"2025-05-12T22:57:00","guid":{"rendered":"https:\/\/elinformante.mx\/?p=84014"},"modified":"2025-05-22T19:40:05","modified_gmt":"2025-05-23T01:40:05","slug":"reconoce-smsem-a-miles-de-mamas-maestras-con-motivo-del-10-de-mayo","status":"publish","type":"post","link":"https:\/\/elinformante.mx\/?p=84014","title":{"rendered":"Reconoce SMSEM a miles de Mam\u00e1s Maestras con motivo del 10 de mayo"},"content":{"rendered":"\n<figure class=\"wp-block-pullquote\"><blockquote><p>Del 3 al 12 de mayo, se realizaron celebraciones en las 14 regiones sindicales._<\/p><\/blockquote><\/figure>\n\n\n\n<p class=\"has-drop-cap\">Con motivo del D\u00eda de las Madres, el Sindicato de Maestros al Servicio del Estado de M\u00e9xico (SMSEM), encabezado por su Secretario General, Jenaro Mart\u00ednez Reyes, llev\u00f3 a cabo actividades conmemorativas en las 14 regiones sindicales, en reconocimiento a las docentes afiliadas que ejercen la doble funci\u00f3n de formar en las aulas y en sus hogares.<br><\/p>\n\n\n\n<figure class=\"wp-block-image size-large\"><img fetchpriority=\"high\" decoding=\"async\" width=\"1024\" height=\"506\" src=\"https:\/\/elinformante.mx\/wp-content\/uploads\/2025\/05\/IMG-20250522-WA0031-1-1024x506.jpg\" alt=\"\" class=\"wp-image-84017\" srcset=\"https:\/\/elinformante.mx\/wp-content\/uploads\/2025\/05\/IMG-20250522-WA0031-1-1024x506.jpg 1024w, https:\/\/elinformante.mx\/wp-content\/uploads\/2025\/05\/IMG-20250522-WA0031-1-300x148.jpg 300w, https:\/\/elinformante.mx\/wp-content\/uploads\/2025\/05\/IMG-20250522-WA0031-1-768x379.jpg 768w, https:\/\/elinformante.mx\/wp-content\/uploads\/2025\/05\/IMG-20250522-WA0031-1.jpg 1140w\" sizes=\"(max-width: 1024px) 100vw, 1024px\" \/><\/figure>\n\n\n\n<p>Del 3 al 12 de mayo, miles de maestras participaron en las celebraciones organizadas por el Comit\u00e9 Ejecutivo Estatal 2024-2027, en recintos como teatros, auditorios, centros culturales, salones de eventos y espacios p\u00fablicos, distribuidos en todo el territorio estatal.<br><\/p>\n\n\n\n<figure class=\"wp-block-image size-large\"><img decoding=\"async\" width=\"1024\" height=\"506\" src=\"https:\/\/elinformante.mx\/wp-content\/uploads\/2025\/05\/IMG-20250522-WA0027-1024x506.jpg\" alt=\"\" class=\"wp-image-84018\" srcset=\"https:\/\/elinformante.mx\/wp-content\/uploads\/2025\/05\/IMG-20250522-WA0027-1024x506.jpg 1024w, https:\/\/elinformante.mx\/wp-content\/uploads\/2025\/05\/IMG-20250522-WA0027-300x148.jpg 300w, https:\/\/elinformante.mx\/wp-content\/uploads\/2025\/05\/IMG-20250522-WA0027-768x379.jpg 768w, https:\/\/elinformante.mx\/wp-content\/uploads\/2025\/05\/IMG-20250522-WA0027.jpg 1140w\" sizes=\"(max-width: 1024px) 100vw, 1024px\" \/><\/figure>\n\n\n\n<p>Las actividades incluyeron presentaciones art\u00edsticas, obras de teatro, espect\u00e1culos musicales y entrega de obsequios, programadas con el objetivo de brindar espacios de convivencia y reconocimiento a las profesoras que son madres.<br><\/p>\n\n\n\n<figure class=\"wp-block-image size-large\"><img decoding=\"async\" width=\"1024\" height=\"506\" src=\"https:\/\/elinformante.mx\/wp-content\/uploads\/2025\/05\/IMG-20250522-WA0030-1024x506.jpg\" alt=\"\" class=\"wp-image-84019\" srcset=\"https:\/\/elinformante.mx\/wp-content\/uploads\/2025\/05\/IMG-20250522-WA0030-1024x506.jpg 1024w, https:\/\/elinformante.mx\/wp-content\/uploads\/2025\/05\/IMG-20250522-WA0030-300x148.jpg 300w, https:\/\/elinformante.mx\/wp-content\/uploads\/2025\/05\/IMG-20250522-WA0030-768x379.jpg 768w, https:\/\/elinformante.mx\/wp-content\/uploads\/2025\/05\/IMG-20250522-WA0030.jpg 1140w\" sizes=\"(max-width: 1024px) 100vw, 1024px\" \/><\/figure>\n\n\n\n<p>Estas acciones, indic\u00f3 el Secretario General, forman parte de la agenda sindical para fortalecer el v\u00ednculo del SMSEM con su base afiliada, y se suman a los esfuerzos invertidos para brindar bienestar a los maestros en los \u00e1mbitos econ\u00f3mico, profesional y m\u00e9dico\u00a0asistencial.<\/p>\n\n\n\n<figure class=\"wp-block-image size-large\"><img loading=\"lazy\" decoding=\"async\" width=\"1024\" height=\"506\" src=\"https:\/\/elinformante.mx\/wp-content\/uploads\/2025\/05\/IMG-20250522-WA0026-1024x506.jpg\" alt=\"\" class=\"wp-image-84020\" srcset=\"https:\/\/elinformante.mx\/wp-content\/uploads\/2025\/05\/IMG-20250522-WA0026-1024x506.jpg 1024w, https:\/\/elinformante.mx\/wp-content\/uploads\/2025\/05\/IMG-20250522-WA0026-300x148.jpg 300w, https:\/\/elinformante.mx\/wp-content\/uploads\/2025\/05\/IMG-20250522-WA0026-768x379.jpg 768w, https:\/\/elinformante.mx\/wp-content\/uploads\/2025\/05\/IMG-20250522-WA0026.jpg 1140w\" sizes=\"(max-width: 1024px) 100vw, 1024px\" \/><\/figure>\n","protected":false},"excerpt":{"rendered":"<p>Del 3 al 12 de mayo, se realizaron celebraciones en las 14 regiones sindicales._ Con motivo del D\u00eda de las Madres, el Sindicato de Maestros al Servicio del Estado de M\u00e9xico (SMSEM), encabezado por su Secretario General, Jenaro Mart\u00ednez Reyes, llev\u00f3 a cabo actividades conmemorativas en las 14 regiones sindicales, en reconocimiento a las docentes [&hellip;]<\/p>\n","protected":false},"author":1,"featured_media":84016,"comment_status":"closed","ping_status":"closed","sticky":false,"template":"","format":"standard","meta":{"footnotes":""},"categories":[36],"tags":[],"class_list":["post-84014","post","type-post","status-publish","format-standard","has-post-thumbnail","hentry","category-edomex"],"_links":{"self":[{"href":"https:\/\/elinformante.mx\/index.php?rest_route=\/wp\/v2\/posts\/84014","targetHints":{"allow":["GET"]}}],"collection":[{"href":"https:\/\/elinformante.mx\/index.php?rest_route=\/wp\/v2\/posts"}],"about":[{"href":"https:\/\/elinformante.mx\/index.php?rest_route=\/wp\/v2\/types\/post"}],"author":[{"embeddable":true,"href":"https:\/\/elinformante.mx\/index.php?rest_route=\/wp\/v2\/users\/1"}],"replies":[{"embeddable":true,"href":"https:\/\/elinformante.mx\/index.php?rest_route=%2Fwp%2Fv2%2Fcomments&post=84014"}],"version-history":[{"count":0,"href":"https:\/\/elinformante.mx\/index.php?rest_route=\/wp\/v2\/posts\/84014\/revisions"}],"wp:featuredmedia":[{"embeddable":true,"href":"https:\/\/elinformante.mx\/index.php?rest_route=\/wp\/v2\/media\/84016"}],"wp:attachment":[{"href":"https:\/\/elinformante.mx\/index.php?rest_route=%2Fwp%2Fv2%2Fmedia&parent=84014"}],"wp:term":[{"taxonomy":"category","embeddable":true,"href":"https:\/\/elinformante.mx\/index.php?rest_route=%2Fwp%2Fv2%2Fcategories&post=84014"},{"taxonomy":"post_tag","embeddable":true,"href":"https:\/\/elinformante.mx\/index.php?rest_route=%2Fwp%2Fv2%2Ftags&post=84014"}],"curies":[{"name":"wp","href":"https:\/\/api.w.org\/{rel}","templated":true}]}}