{"id":84039,"date":"2025-05-23T06:01:43","date_gmt":"2025-05-23T12:01:43","guid":{"rendered":"https:\/\/elinformante.mx\/?p=84039"},"modified":"2025-05-23T06:01:45","modified_gmt":"2025-05-23T12:01:45","slug":"condenan-a-cesar-gabriel-acosta-a-18-anos-de-prision-por-el-delito-de-trata-de-personas","status":"publish","type":"post","link":"https:\/\/elinformante.mx\/?p=84039","title":{"rendered":"Condenan a C\u00e9sar Gabriel Acosta a 18 a\u00f1os de prisi\u00f3n por el delito de trata de personas"},"content":{"rendered":"\n<figure class=\"wp-block-pullquote\"><blockquote><p>Este individuo trasladaba y obligaba a un menor de edad a comercializar rosas y chocolates en diversos establecimientos de los municipios de Cuautitl\u00e1n, Tultitl\u00e1n y Tultepec.<\/p><\/blockquote><\/figure>\n\n\n\n<p class=\"has-drop-cap\">Un individuo identificado como C\u00e9sar Gabriel Acosta Gonzaga fue sentenciado a 18 a\u00f1os y 9 meses de prisi\u00f3n, despu\u00e9s de que la FGJEM acredit\u00f3 su responsabilidad en el delito de trata de personas, en la modalidad de trabajos forzados, con las agravantes de utilizarse la violencia y que sea cometido en agravio de un menor de edad.<br><\/p>\n\n\n\n<p>Las pruebas recabadas fueron determinantes para que la Autoridad Judicial emitiera esta condena contra el responsable, adem\u00e1s le fij\u00f3 multa de 2 millones 085 mil 120 pesos y como reparaci\u00f3n del da\u00f1o la cantidad de 137 mil 696 pesos.<br><\/p>\n\n\n\n<p>Las indagatorias precisaron que, a partir del mes de diciembre del a\u00f1o 2015, el ahora sentenciado traslad\u00f3 y oblig\u00f3 a un ni\u00f1o de entonces 7 a\u00f1os de edad a comercializar rosas y chocolates en diversos establecimientos de los municipios de Cuautitl\u00e1n, Tultitl\u00e1n y Tultepec. El dinero obtenido por las ventas deb\u00eda entregarlo a C\u00e9sar Gabriel Acosta Gonzaga.<br><\/p>\n\n\n\n<p>En caso de que la v\u00edctima se negara a llevar a cabo esta actividad o no reuniera la cantidad de 4 mil 500 pesos diarios, era agredido f\u00edsicamente por el implicado.<br><\/p>\n\n\n\n<p>Esta situaci\u00f3n finaliz\u00f3 en junio del a\u00f1o 2020, cuando la v\u00edctima fue rescatada por elementos de la Polic\u00eda Municipal de Cuautitl\u00e1n y personal del Sistema Nacional para el Desarrollo Integral de la Familias (DIF) de esta demarcaci\u00f3n. Derivado de lo anterior fue iniciada la investigaci\u00f3n respectiva por parte de la Fiscal\u00eda Edom\u00e9x.<br><\/p>\n\n\n\n<p>Como parte de la investigaci\u00f3n por este caso, C\u00e9sar Gabriel Acosta Gonzaga fue detenido en cumplimiento a orden de aprehensi\u00f3n girada en su contra por este il\u00edcito e ingresado al Centro Penitenciario y de Reinserci\u00f3n Social de Cuautitl\u00e1n, a disposici\u00f3n de la Autoridad Judicial, quien le dict\u00f3 esta sentencia de condena.<\/p>\n","protected":false},"excerpt":{"rendered":"<p>Este individuo trasladaba y obligaba a un menor de edad a comercializar rosas y chocolates en diversos establecimientos de los municipios de Cuautitl\u00e1n, Tultitl\u00e1n y Tultepec. Un individuo identificado como C\u00e9sar Gabriel Acosta Gonzaga fue sentenciado a 18 a\u00f1os y 9 meses de prisi\u00f3n, despu\u00e9s de que la FGJEM acredit\u00f3 su responsabilidad en el delito [&hellip;]<\/p>\n","protected":false},"author":1,"featured_media":84040,"comment_status":"closed","ping_status":"closed","sticky":false,"template":"","format":"standard","meta":{"footnotes":""},"categories":[36,37],"tags":[],"class_list":["post-84039","post","type-post","status-publish","format-standard","has-post-thumbnail","hentry","category-edomex","category-justicia"],"_links":{"self":[{"href":"https:\/\/elinformante.mx\/index.php?rest_route=\/wp\/v2\/posts\/84039","targetHints":{"allow":["GET"]}}],"collection":[{"href":"https:\/\/elinformante.mx\/index.php?rest_route=\/wp\/v2\/posts"}],"about":[{"href":"https:\/\/elinformante.mx\/index.php?rest_route=\/wp\/v2\/types\/post"}],"author":[{"embeddable":true,"href":"https:\/\/elinformante.mx\/index.php?rest_route=\/wp\/v2\/users\/1"}],"replies":[{"embeddable":true,"href":"https:\/\/elinformante.mx\/index.php?rest_route=%2Fwp%2Fv2%2Fcomments&post=84039"}],"version-history":[{"count":0,"href":"https:\/\/elinformante.mx\/index.php?rest_route=\/wp\/v2\/posts\/84039\/revisions"}],"wp:featuredmedia":[{"embeddable":true,"href":"https:\/\/elinformante.mx\/index.php?rest_route=\/wp\/v2\/media\/84040"}],"wp:attachment":[{"href":"https:\/\/elinformante.mx\/index.php?rest_route=%2Fwp%2Fv2%2Fmedia&parent=84039"}],"wp:term":[{"taxonomy":"category","embeddable":true,"href":"https:\/\/elinformante.mx\/index.php?rest_route=%2Fwp%2Fv2%2Fcategories&post=84039"},{"taxonomy":"post_tag","embeddable":true,"href":"https:\/\/elinformante.mx\/index.php?rest_route=%2Fwp%2Fv2%2Ftags&post=84039"}],"curies":[{"name":"wp","href":"https:\/\/api.w.org\/{rel}","templated":true}]}}