{"id":84048,"date":"2025-05-23T06:12:39","date_gmt":"2025-05-23T12:12:39","guid":{"rendered":"https:\/\/elinformante.mx\/?p=84048"},"modified":"2025-05-23T06:12:40","modified_gmt":"2025-05-23T12:12:40","slug":"toluca-se-ilumina-de-rojo-por-la-final-futbolera","status":"publish","type":"post","link":"https:\/\/elinformante.mx\/?p=84048","title":{"rendered":"Toluca se ilumina de rojo por la final futbolera"},"content":{"rendered":"\n<figure class=\"wp-block-pullquote\"><blockquote><p>Es de mencionar que en la capital del Estado de M\u00e9xico la efervescencia por los Diablos va en aumento.<\/p><\/blockquote><\/figure>\n\n\n\n<p class=\"has-drop-cap\">El esp\u00edritu deportivo y la pasi\u00f3n futbolera tomaron las calles de la capital mexiquense, por ello, en un gesto de identidad y orgullo, el Palacio Municipal, el Monumento a la Bandera y la fuente del Centenario de la Independencia, conocida popularmente como \u201cEl \u00c1guila\u201d, se iluminan de rojo en apoyo al Club Deportivo Toluca, que disputa la gran final del futbol mexicano.<br><\/p>\n\n\n\n<p>Adem\u00e1s en la Plaza Fray Andr\u00e9s de Castro se muestra un homenaje fotogr\u00e1fico a los integrantes del equipo, donde resalta el orgullo de vestir la playera roja y las caracter\u00edsticas letras DT, tambi\u00e9n, como parte de mostrar la pertenencia al equipo choricero, desde este d\u00eda, hombres y mujeres de todas las edades, decidieron portar una prenda roja.<br><\/p>\n\n\n\n<p>Es de mencionar que en la capital del Estado de M\u00e9xico la efervescencia por los Diablos va en aumento.<br><\/p>\n\n\n\n<figure class=\"wp-block-image size-large\"><img fetchpriority=\"high\" decoding=\"async\" width=\"1024\" height=\"506\" src=\"https:\/\/elinformante.mx\/wp-content\/uploads\/2025\/05\/12toluca-3-1024x506.jpeg\" alt=\"\" class=\"wp-image-84050\" srcset=\"https:\/\/elinformante.mx\/wp-content\/uploads\/2025\/05\/12toluca-3-1024x506.jpeg 1024w, https:\/\/elinformante.mx\/wp-content\/uploads\/2025\/05\/12toluca-3-300x148.jpeg 300w, https:\/\/elinformante.mx\/wp-content\/uploads\/2025\/05\/12toluca-3-768x379.jpeg 768w, https:\/\/elinformante.mx\/wp-content\/uploads\/2025\/05\/12toluca-3.jpeg 1140w\" sizes=\"(max-width: 1024px) 100vw, 1024px\" \/><\/figure>\n\n\n\n<p>Por ello, los emblem\u00e1ticos puntos del coraz\u00f3n de Toluca no solo se visten con los colores del equipo, tambi\u00e9n reflejan el \u00e1nimo y la confianza de una afici\u00f3n que sue\u00f1a con una nueva estrella en la historia de los Diablos Rojos, el equipo que representa a la ciudad.<br><\/p>\n\n\n\n<p>Las luces escarlatas son un homenaje simb\u00f3lico a la tradici\u00f3n futbolera que une generaciones y a la comunidad.<br><\/p>\n\n\n\n<p>Esta iniciativa, impulsada por el Gobierno municipal, adem\u00e1s de apoyar al equipo local, tambi\u00e9n fortalece el sentido de identidad y pertenencia entre las y los toluque\u00f1os.<\/p>\n","protected":false},"excerpt":{"rendered":"<p>Es de mencionar que en la capital del Estado de M\u00e9xico la efervescencia por los Diablos va en aumento. El esp\u00edritu deportivo y la pasi\u00f3n futbolera tomaron las calles de la capital mexiquense, por ello, en un gesto de identidad y orgullo, el Palacio Municipal, el Monumento a la Bandera y la fuente del Centenario [&hellip;]<\/p>\n","protected":false},"author":1,"featured_media":84049,"comment_status":"closed","ping_status":"closed","sticky":false,"template":"","format":"standard","meta":{"footnotes":""},"categories":[36],"tags":[],"class_list":["post-84048","post","type-post","status-publish","format-standard","has-post-thumbnail","hentry","category-edomex"],"_links":{"self":[{"href":"https:\/\/elinformante.mx\/index.php?rest_route=\/wp\/v2\/posts\/84048","targetHints":{"allow":["GET"]}}],"collection":[{"href":"https:\/\/elinformante.mx\/index.php?rest_route=\/wp\/v2\/posts"}],"about":[{"href":"https:\/\/elinformante.mx\/index.php?rest_route=\/wp\/v2\/types\/post"}],"author":[{"embeddable":true,"href":"https:\/\/elinformante.mx\/index.php?rest_route=\/wp\/v2\/users\/1"}],"replies":[{"embeddable":true,"href":"https:\/\/elinformante.mx\/index.php?rest_route=%2Fwp%2Fv2%2Fcomments&post=84048"}],"version-history":[{"count":0,"href":"https:\/\/elinformante.mx\/index.php?rest_route=\/wp\/v2\/posts\/84048\/revisions"}],"wp:featuredmedia":[{"embeddable":true,"href":"https:\/\/elinformante.mx\/index.php?rest_route=\/wp\/v2\/media\/84049"}],"wp:attachment":[{"href":"https:\/\/elinformante.mx\/index.php?rest_route=%2Fwp%2Fv2%2Fmedia&parent=84048"}],"wp:term":[{"taxonomy":"category","embeddable":true,"href":"https:\/\/elinformante.mx\/index.php?rest_route=%2Fwp%2Fv2%2Fcategories&post=84048"},{"taxonomy":"post_tag","embeddable":true,"href":"https:\/\/elinformante.mx\/index.php?rest_route=%2Fwp%2Fv2%2Ftags&post=84048"}],"curies":[{"name":"wp","href":"https:\/\/api.w.org\/{rel}","templated":true}]}}