{"id":84093,"date":"2025-05-23T06:57:12","date_gmt":"2025-05-23T12:57:12","guid":{"rendered":"https:\/\/elinformante.mx\/?p=84093"},"modified":"2025-05-23T06:57:14","modified_gmt":"2025-05-23T12:57:14","slug":"trabajan-en-iztapalapa-con-personas-cuidadoras-para-impulsar-acciones-para-el-bienestar-y-desarrollo-familiar","status":"publish","type":"post","link":"https:\/\/elinformante.mx\/?p=84093","title":{"rendered":"Trabajan en Iztapalapa con personas cuidadoras para impulsar acciones para el bienestar y desarrollo familiar"},"content":{"rendered":"\n<figure class=\"wp-block-pullquote\"><blockquote><p>-Iztapalapa es la primera alcald\u00eda de la Ciudad de M\u00e9xico en contar con una Direcci\u00f3n de Cuidados, dijo la alcaldesa<\/p><\/blockquote><\/figure>\n\n\n\n<p class=\"has-drop-cap\">El compromiso de la alcald\u00eda Iztapalapa con las personas cuidadoras, en especial con las mujeres, se traduce en acciones concretas para su bienestar, la recuperaci\u00f3n de su tiempo y el desarrollo de sus familias y comunidad, sostuvo la alcaldesa Aleida Alavez Ruiz.<br><\/p>\n\n\n\n<p>En su mensaje, en el Primer Encuentro de Personas Cuidadoras Emprendedoras hacia una Econom\u00eda Solidaria, Alavez Ruiz subray\u00f3 que su gobierno, desde los primeros d\u00edas, asumi\u00f3 como un eje prioritario el desarrollo de un sistema integral de cuidados con perspectiva de g\u00e9nero e infancias.<br><\/p>\n\n\n\n<p>Ello, apunt\u00f3, porque en la alcald\u00eda reconocemos la importancia de los cuidados en la vida cotidiana y, sobre todo, el esfuerzo de miles de mujeres que los realizan diariamente.<br><\/p>\n\n\n\n<p>Como parte de este reconocimiento, estamos habilitando los Circuitos de Cuidados, un modelo integral que vincula los servicios de la Alcald\u00eda con los del gobierno de la ciudad y federal, sostuvo.<br><\/p>\n\n\n\n<p>Desde el Manantial de la \u201cVicente Guerrero\u201d, dijo a las decenas de vecinas y vecinos que asistieron a este primer encuentro, que pueden encontrar aqu\u00ed nuevas formas de generar ingresos, sin que ello signifique descuidar a sus seres queridos.<br><\/p>\n\n\n\n<p>Asimismo, les asegur\u00f3 que no estar\u00e1n solas en este proceso, ya que la Direcci\u00f3n de Cuidados, \u201cprimera que hay dentro de las alcald\u00edas de la Ciudad de M\u00e9xico\u201d, junto con la Direcci\u00f3n de Desarrollo Econ\u00f3mico de la alcald\u00eda, las acompa\u00f1ar\u00e1n en todo momento.<br><\/p>\n\n\n\n<p>Este evento, abund\u00f3, es s\u00f3lo el comienzo de un camino que \u201crecorreremos juntas, porque cuando las mujeres nos organizamos y nos apoyamos, \u00a1logramos transformar nuestra realidad!\u201d.<br><\/p>\n\n\n\n<p>Hizo ver que ser cuidadora es un acto de amor y compromiso, pero tambi\u00e9n de sacrificio y que, muchas veces, no es reconocido ni valorado como merece.<br><\/p>\n\n\n\n<p>La mandataria remarc\u00f3 que este esfuerzo pretende garantizar que las personas cuidadoras tengan acceso a espacios, herramientas y servicios que faciliten su trabajo y mejoren su calidad de vida.<\/p>\n","protected":false},"excerpt":{"rendered":"<p>-Iztapalapa es la primera alcald\u00eda de la Ciudad de M\u00e9xico en contar con una Direcci\u00f3n de Cuidados, dijo la alcaldesa El compromiso de la alcald\u00eda Iztapalapa con las personas cuidadoras, en especial con las mujeres, se traduce en acciones concretas para su bienestar, la recuperaci\u00f3n de su tiempo y el desarrollo de sus familias y [&hellip;]<\/p>\n","protected":false},"author":1,"featured_media":84094,"comment_status":"closed","ping_status":"closed","sticky":false,"template":"","format":"standard","meta":{"footnotes":""},"categories":[35,30],"tags":[],"class_list":["post-84093","post","type-post","status-publish","format-standard","has-post-thumbnail","hentry","category-cdmx","category-destacado"],"_links":{"self":[{"href":"https:\/\/elinformante.mx\/index.php?rest_route=\/wp\/v2\/posts\/84093","targetHints":{"allow":["GET"]}}],"collection":[{"href":"https:\/\/elinformante.mx\/index.php?rest_route=\/wp\/v2\/posts"}],"about":[{"href":"https:\/\/elinformante.mx\/index.php?rest_route=\/wp\/v2\/types\/post"}],"author":[{"embeddable":true,"href":"https:\/\/elinformante.mx\/index.php?rest_route=\/wp\/v2\/users\/1"}],"replies":[{"embeddable":true,"href":"https:\/\/elinformante.mx\/index.php?rest_route=%2Fwp%2Fv2%2Fcomments&post=84093"}],"version-history":[{"count":0,"href":"https:\/\/elinformante.mx\/index.php?rest_route=\/wp\/v2\/posts\/84093\/revisions"}],"wp:featuredmedia":[{"embeddable":true,"href":"https:\/\/elinformante.mx\/index.php?rest_route=\/wp\/v2\/media\/84094"}],"wp:attachment":[{"href":"https:\/\/elinformante.mx\/index.php?rest_route=%2Fwp%2Fv2%2Fmedia&parent=84093"}],"wp:term":[{"taxonomy":"category","embeddable":true,"href":"https:\/\/elinformante.mx\/index.php?rest_route=%2Fwp%2Fv2%2Fcategories&post=84093"},{"taxonomy":"post_tag","embeddable":true,"href":"https:\/\/elinformante.mx\/index.php?rest_route=%2Fwp%2Fv2%2Ftags&post=84093"}],"curies":[{"name":"wp","href":"https:\/\/api.w.org\/{rel}","templated":true}]}}