{"id":84102,"date":"2025-05-23T07:05:42","date_gmt":"2025-05-23T13:05:42","guid":{"rendered":"https:\/\/elinformante.mx\/?p=84102"},"modified":"2025-05-23T07:05:44","modified_gmt":"2025-05-23T13:05:44","slug":"evelyn-salgado-inauguro-nueva-infraestructura-educativa-en-chilapa","status":"publish","type":"post","link":"https:\/\/elinformante.mx\/?p=84102","title":{"rendered":"Evelyn Salgado inaugur\u00f3 nueva infraestructura educativa en Chilapa"},"content":{"rendered":"\n<figure class=\"wp-block-pullquote\"><blockquote><p>La gobernadora reafirma su compromiso por una educaci\u00f3n digna y equitativa en bien de las y los j\u00f3venes guerrerenses<\/p><\/blockquote><\/figure>\n\n\n\n<p class=\"has-drop-cap\">Con una inversi\u00f3n de 3.3 millones de pesos, la gobernadora Evelyn Salgado Pineda inaugur\u00f3 la construcci\u00f3n de un aula de usos m\u00faltiples, obra exterior y el techado de la cancha de basquetbol en la Escuela Primaria \u201cHermana Rep\u00fablica de Alemania Federal\u201d, ubicada en la comunidad de La Ci\u00e9nega, municipio de Chilapa.<br><\/p>\n\n\n\n<p>La mandataria estatal destac\u00f3 que con esta entrega se fortalece la infraestructura educativa de una de las zonas m\u00e1s alejadas del municipio, sumando ya m\u00e1s de 36 millones de pesos invertidos en Chilapa durante su administraci\u00f3n en infraestructura educativa.<br><\/p>\n\n\n\n<p>\u201cPara tener la transformaci\u00f3n que queremos en Guerrero, debemos seguir invirtiendo en la educaci\u00f3n. La educaci\u00f3n necesita espacios dignos, adecuados, donde ni\u00f1as y ni\u00f1os puedan aprender con entusiasmo\u201d, expres\u00f3 Salgado Pineda.<br><\/p>\n\n\n\n<figure class=\"wp-block-image size-large\"><img fetchpriority=\"high\" decoding=\"async\" width=\"1024\" height=\"506\" src=\"https:\/\/elinformante.mx\/wp-content\/uploads\/2025\/05\/4evelyn-2-1024x506.jpg\" alt=\"\" class=\"wp-image-84106\" srcset=\"https:\/\/elinformante.mx\/wp-content\/uploads\/2025\/05\/4evelyn-2-1024x506.jpg 1024w, https:\/\/elinformante.mx\/wp-content\/uploads\/2025\/05\/4evelyn-2-300x148.jpg 300w, https:\/\/elinformante.mx\/wp-content\/uploads\/2025\/05\/4evelyn-2-768x379.jpg 768w, https:\/\/elinformante.mx\/wp-content\/uploads\/2025\/05\/4evelyn-2.jpg 1140w\" sizes=\"(max-width: 1024px) 100vw, 1024px\" \/><\/figure>\n\n\n\n<p>La obra incluy\u00f3 la construcci\u00f3n del Edificio B, un aula de usos m\u00faltiples, red el\u00e9ctrica, plaza, andadores y el techado de una cancha de usos m\u00faltiples con pintura y se\u00f1alizaci\u00f3n. Esta infraestructura beneficia directamente a 143 ni\u00f1as y ni\u00f1os, ampliando sus posibilidades de aprendizaje en un entorno seguro y funcional.<br><\/p>\n\n\n\n<p>\u201cLa educaci\u00f3n no debe ser un privilegio, sino un derecho que garantice igualdad de oportunidades, sin importar el origen o las condiciones de las y los estudiantes\u201d, se\u00f1al\u00f3 la gobernadora.<br><\/p>\n\n\n\n<p>Agreg\u00f3 que este gobierno de transformaci\u00f3n, garantiza el acceso a la educaci\u00f3n, que ha sido una de las m\u00e1s altas prioridades que se ha tenido, construyendo, desde el territorio, la justicia social, con visi\u00f3n a largo plazo y el compromiso de que nadie se quede fuera de esta transformaci\u00f3n.<br><\/p>\n\n\n\n<p>Durante su gira de trabajo en territorio, la gobernadora recibi\u00f3 muestras de afecto de la comunidad estudiantil, madres, padres de familia y docentes, quienes reconocieron el esfuerzo del Gobierno estatal por mejorar las condiciones educativas en La Monta\u00f1a guerrerense.<\/p>\n","protected":false},"excerpt":{"rendered":"<p>La gobernadora reafirma su compromiso por una educaci\u00f3n digna y equitativa en bien de las y los j\u00f3venes guerrerenses Con una inversi\u00f3n de 3.3 millones de pesos, la gobernadora Evelyn Salgado Pineda inaugur\u00f3 la construcci\u00f3n de un aula de usos m\u00faltiples, obra exterior y el techado de la cancha de basquetbol en la Escuela Primaria [&hellip;]<\/p>\n","protected":false},"author":1,"featured_media":84105,"comment_status":"closed","ping_status":"closed","sticky":false,"template":"","format":"standard","meta":{"footnotes":""},"categories":[34],"tags":[],"class_list":["post-84102","post","type-post","status-publish","format-standard","has-post-thumbnail","hentry","category-nacional"],"_links":{"self":[{"href":"https:\/\/elinformante.mx\/index.php?rest_route=\/wp\/v2\/posts\/84102","targetHints":{"allow":["GET"]}}],"collection":[{"href":"https:\/\/elinformante.mx\/index.php?rest_route=\/wp\/v2\/posts"}],"about":[{"href":"https:\/\/elinformante.mx\/index.php?rest_route=\/wp\/v2\/types\/post"}],"author":[{"embeddable":true,"href":"https:\/\/elinformante.mx\/index.php?rest_route=\/wp\/v2\/users\/1"}],"replies":[{"embeddable":true,"href":"https:\/\/elinformante.mx\/index.php?rest_route=%2Fwp%2Fv2%2Fcomments&post=84102"}],"version-history":[{"count":0,"href":"https:\/\/elinformante.mx\/index.php?rest_route=\/wp\/v2\/posts\/84102\/revisions"}],"wp:featuredmedia":[{"embeddable":true,"href":"https:\/\/elinformante.mx\/index.php?rest_route=\/wp\/v2\/media\/84105"}],"wp:attachment":[{"href":"https:\/\/elinformante.mx\/index.php?rest_route=%2Fwp%2Fv2%2Fmedia&parent=84102"}],"wp:term":[{"taxonomy":"category","embeddable":true,"href":"https:\/\/elinformante.mx\/index.php?rest_route=%2Fwp%2Fv2%2Fcategories&post=84102"},{"taxonomy":"post_tag","embeddable":true,"href":"https:\/\/elinformante.mx\/index.php?rest_route=%2Fwp%2Fv2%2Ftags&post=84102"}],"curies":[{"name":"wp","href":"https:\/\/api.w.org\/{rel}","templated":true}]}}