{"id":84108,"date":"2025-05-23T07:06:58","date_gmt":"2025-05-23T13:06:58","guid":{"rendered":"https:\/\/elinformante.mx\/?p=84108"},"modified":"2025-05-23T07:07:02","modified_gmt":"2025-05-23T13:07:02","slug":"chetumal-sera-polo-de-desarrollo-economico-del-bienestar-mara-lezama","status":"publish","type":"post","link":"https:\/\/elinformante.mx\/?p=84108","title":{"rendered":"Chetumal ser\u00e1 Polo de Desarrollo Econ\u00f3mico del Bienestar: Mara Lezama"},"content":{"rendered":"\n<figure class=\"wp-block-pullquote\"><blockquote><p>Como resultado de gestiones hechas ante la Presidenta de M\u00e9xico, ser\u00e1 \u201cPolo Industrial Chetumal UNO\u201d, oportunidad real para nuevos empleos dignos, fortalecer cadenas productivas y dinamizar la econom\u00eda del sur<\/p><\/blockquote><\/figure>\n\n\n\n<p class=\"has-drop-cap\">\u201c\u00a1Hoy es un d\u00eda hist\u00f3rico para Chetumal!\u201d expres\u00f3 la gobernadora Mara Lezama Espinosa al destacar el anuncio hecho por la Presidenta Claudia Sheinbaum y el secretario de Econom\u00eda, Marcelo Ebrard, en el que la capital del estado fue seleccionada para formar parte del primer paquete de \u201cPolos de Desarrollo Econ\u00f3mico del Bienestar\u201d.<br><\/p>\n\n\n\n<p>Esto representa el inicio de una nueva etapa de crecimiento, inversi\u00f3n y prosperidad compartida para el sur de Quintana Roo. \u201cEl \u201cPolo Industrial Chetumal UNO\u201d, como se ha denominado, estar\u00e1 ubicado en el Parque Industrial y fue elegido entre m\u00e1s de cien propuestas de todo el pai\u0301s\u201d, dio a conocer.<br><\/p>\n\n\n\n<p>Explic\u00f3 que es resultado de la gesti\u00f3n hecha ante la Presidenta de la Republica, por su viabilidad estrat\u00e9gica y el firme compromiso que este gobierno diferente ha demostrado para devolverle el brillo a la capital, con desarrollo sostenible y sustentable.<br><\/p>\n\n\n\n<p>Mara Lezama agreg\u00f3 que, con ello, se emitir\u00e1 un decreto presidencial que ofrecer\u00e1 incentivos fiscales, ISR e IVA, para las empresas que decidan instalarse en este polo. Esto significa, explic\u00f3, una gran oportunidad real para generar nuevos empleos dignos, fortalecer nuestras cadenas productivas y dinamizar la econom\u00eda en el sur del estado.<br><\/p>\n\n\n\n<p>\u201cTrabajaremos de manera coordinada con la Federacio\u0301n para establecer las bases con transparencia y con oportunidades para todas y todos. De la mano de nuestra Primera Mujer Presidenta, Claudia Sheinbaum, seguimos escribiendo otra de las p\u00e1ginas m\u00e1s bellas para Chetumal y para Quintana Roo\u201d, puntualiz\u00f3 la Gobernadora.<\/p>\n","protected":false},"excerpt":{"rendered":"<p>Como resultado de gestiones hechas ante la Presidenta de M\u00e9xico, ser\u00e1 \u201cPolo Industrial Chetumal UNO\u201d, oportunidad real para nuevos empleos dignos, fortalecer cadenas productivas y dinamizar la econom\u00eda del sur \u201c\u00a1Hoy es un d\u00eda hist\u00f3rico para Chetumal!\u201d expres\u00f3 la gobernadora Mara Lezama Espinosa al destacar el anuncio hecho por la Presidenta Claudia Sheinbaum y el [&hellip;]<\/p>\n","protected":false},"author":1,"featured_media":84109,"comment_status":"closed","ping_status":"closed","sticky":false,"template":"","format":"standard","meta":{"footnotes":""},"categories":[30,34],"tags":[],"class_list":["post-84108","post","type-post","status-publish","format-standard","has-post-thumbnail","hentry","category-destacado","category-nacional"],"_links":{"self":[{"href":"https:\/\/elinformante.mx\/index.php?rest_route=\/wp\/v2\/posts\/84108","targetHints":{"allow":["GET"]}}],"collection":[{"href":"https:\/\/elinformante.mx\/index.php?rest_route=\/wp\/v2\/posts"}],"about":[{"href":"https:\/\/elinformante.mx\/index.php?rest_route=\/wp\/v2\/types\/post"}],"author":[{"embeddable":true,"href":"https:\/\/elinformante.mx\/index.php?rest_route=\/wp\/v2\/users\/1"}],"replies":[{"embeddable":true,"href":"https:\/\/elinformante.mx\/index.php?rest_route=%2Fwp%2Fv2%2Fcomments&post=84108"}],"version-history":[{"count":0,"href":"https:\/\/elinformante.mx\/index.php?rest_route=\/wp\/v2\/posts\/84108\/revisions"}],"wp:featuredmedia":[{"embeddable":true,"href":"https:\/\/elinformante.mx\/index.php?rest_route=\/wp\/v2\/media\/84109"}],"wp:attachment":[{"href":"https:\/\/elinformante.mx\/index.php?rest_route=%2Fwp%2Fv2%2Fmedia&parent=84108"}],"wp:term":[{"taxonomy":"category","embeddable":true,"href":"https:\/\/elinformante.mx\/index.php?rest_route=%2Fwp%2Fv2%2Fcategories&post=84108"},{"taxonomy":"post_tag","embeddable":true,"href":"https:\/\/elinformante.mx\/index.php?rest_route=%2Fwp%2Fv2%2Ftags&post=84108"}],"curies":[{"name":"wp","href":"https:\/\/api.w.org\/{rel}","templated":true}]}}