{"id":84133,"date":"2025-05-23T16:29:04","date_gmt":"2025-05-23T22:29:04","guid":{"rendered":"https:\/\/elinformante.mx\/?p=84133"},"modified":"2025-05-23T16:29:05","modified_gmt":"2025-05-23T22:29:05","slug":"sheinbaum-en-desacuerdo-con-decision-de-eu-para-frenar-migracion","status":"publish","type":"post","link":"https:\/\/elinformante.mx\/?p=84133","title":{"rendered":"SHEINBAUM EN DESACUERDO CON DECISI\u00d3N DE EU PARA FRENAR MIGRACI\u00d3N"},"content":{"rendered":"\n<p>&nbsp;En la ma\u00f1anera de hoy, la presidente de M\u00e9xico, Claudia Sheinbaum Pardo, dijo no estar de acuerdo con EU, luego de que design\u00f3 a ciertas zonas de la frontera Sur con M\u00e9xico como \u00e1reas de defensa nacional para evitar la migraci\u00f3n.<\/p>\n\n\n\n<p>Sheinbaum, indic\u00f3 \u201cEllos tienen derecho a hacer en su pa\u00eds lo que determinen, nosotros tenemos derecho es decir que no estamos de acuerdo. Desde el primer momento que ampliaron la presencia militar en la frontera Sur, nosotros enviamos una nota diciendo que nosotros respetamos lo que decidan hacer en su Pa\u00eds, pero que respeten la soberan\u00eda nacional\u201d.\u00a0<\/p>\n","protected":false},"excerpt":{"rendered":"<p>&nbsp;En la ma\u00f1anera de hoy, la presidente de M\u00e9xico, Claudia Sheinbaum Pardo, dijo no estar de acuerdo con EU, luego de que design\u00f3 a ciertas zonas de la frontera Sur con M\u00e9xico como \u00e1reas de defensa nacional para evitar la migraci\u00f3n. Sheinbaum, indic\u00f3 \u201cEllos tienen derecho a hacer en su pa\u00eds lo que determinen, nosotros [&hellip;]<\/p>\n","protected":false},"author":2,"featured_media":84134,"comment_status":"closed","ping_status":"closed","sticky":false,"template":"","format":"standard","meta":{"footnotes":""},"categories":[33,34],"tags":[],"class_list":["post-84133","post","type-post","status-publish","format-standard","has-post-thumbnail","hentry","category-mundo","category-nacional"],"_links":{"self":[{"href":"https:\/\/elinformante.mx\/index.php?rest_route=\/wp\/v2\/posts\/84133","targetHints":{"allow":["GET"]}}],"collection":[{"href":"https:\/\/elinformante.mx\/index.php?rest_route=\/wp\/v2\/posts"}],"about":[{"href":"https:\/\/elinformante.mx\/index.php?rest_route=\/wp\/v2\/types\/post"}],"author":[{"embeddable":true,"href":"https:\/\/elinformante.mx\/index.php?rest_route=\/wp\/v2\/users\/2"}],"replies":[{"embeddable":true,"href":"https:\/\/elinformante.mx\/index.php?rest_route=%2Fwp%2Fv2%2Fcomments&post=84133"}],"version-history":[{"count":0,"href":"https:\/\/elinformante.mx\/index.php?rest_route=\/wp\/v2\/posts\/84133\/revisions"}],"wp:featuredmedia":[{"embeddable":true,"href":"https:\/\/elinformante.mx\/index.php?rest_route=\/wp\/v2\/media\/84134"}],"wp:attachment":[{"href":"https:\/\/elinformante.mx\/index.php?rest_route=%2Fwp%2Fv2%2Fmedia&parent=84133"}],"wp:term":[{"taxonomy":"category","embeddable":true,"href":"https:\/\/elinformante.mx\/index.php?rest_route=%2Fwp%2Fv2%2Fcategories&post=84133"},{"taxonomy":"post_tag","embeddable":true,"href":"https:\/\/elinformante.mx\/index.php?rest_route=%2Fwp%2Fv2%2Ftags&post=84133"}],"curies":[{"name":"wp","href":"https:\/\/api.w.org\/{rel}","templated":true}]}}