{"id":84274,"date":"2025-05-27T05:29:53","date_gmt":"2025-05-27T11:29:53","guid":{"rendered":"https:\/\/elinformante.mx\/?p=84274"},"modified":"2025-05-27T05:29:55","modified_gmt":"2025-05-27T11:29:55","slug":"detienen-a-cinco-personas-senaladas-por-homicidio-y-delitos-contra-la-salud","status":"publish","type":"post","link":"https:\/\/elinformante.mx\/?p=84274","title":{"rendered":"Detienen a cinco personas se\u00f1aladas por homicidio y delitos contra la salud"},"content":{"rendered":"\n<figure class=\"wp-block-pullquote\"><blockquote><p>Se decomisaron una camioneta, un veh\u00edculo, dos motocicletas, adem\u00e1s de una pistola, un arma larga, cargadores abastecidos con diversos cartuchos \u00fatiles y ocho celulares.<\/p><\/blockquote><\/figure>\n\n\n\n<p class=\"has-drop-cap wp-block-paragraph\">Elementos de la SSEM, de la SSPC y Polic\u00eda Municipal detuvieran a cinco hombres probables responsables de homicidio y delitos contra la salud.<br><\/p>\n\n\n\n<p class=\"wp-block-paragraph\">Esta detenci\u00f3n se dio tras ser informados sobre una persona sin signos vitales por disparo de arma de fuego. Mediante los videos del C2 municipal, se pudo identificar a los veh\u00edculos y posibles involucrados al interior del fraccionamiento Bonanza.<br><\/p>\n\n\n\n<p class=\"wp-block-paragraph\">Elementos de las tres dependencias llegaron a la calle Jos\u00e9 Mar\u00eda Vasconcelos, en donde aprehendieron a Armando \u201cN\u201d de 34 a\u00f1os, Cristian \u201cN\u201d de 19 a\u00f1os, Anthony \u201cN\u201d de 47 a\u00f1os, Emilio \u201cN\u201d de 23 a\u00f1os y Alexis \u201cN\u201d de 23 a\u00f1os de edad.<br><\/p>\n\n\n\n<p class=\"wp-block-paragraph\">Las autoridades les aseguraron una camioneta, un veh\u00edculo y dos motocicletas, marcas Ford, MG, modelos Bronco, MG5 y Vento respectivamente, una pistola calibre 9 mil\u00edmetros, tres cargadores, un fusil calibre 5.56, cuatro cargadores para arma larga abastecidos con cartuchos \u00fatiles, nueve cargadores m\u00e1s abastecidos y ocho celulares.<br><\/p>\n\n\n\n<p class=\"wp-block-paragraph\">Los detenidos estar\u00edan involucrados con dos homicidios m\u00e1s y delincuencia organizada, uno de ellos podr\u00eda ser miembro de un grupo criminal con or\u00edgenes en el estado de Jalisco, el cual al parecer opera en el Valle de Toluca, por lo que las investigaciones continuar\u00e1n.<\/p>\n","protected":false},"excerpt":{"rendered":"<p>Se decomisaron una camioneta, un veh\u00edculo, dos motocicletas, adem\u00e1s de una pistola, un arma larga, cargadores abastecidos con diversos cartuchos \u00fatiles y ocho celulares. Elementos de la SSEM, de la SSPC y Polic\u00eda Municipal detuvieran a cinco hombres probables responsables de homicidio y delitos contra la salud. Esta detenci\u00f3n se dio tras ser informados sobre [&hellip;]<\/p>\n","protected":false},"author":1,"featured_media":84275,"comment_status":"closed","ping_status":"closed","sticky":false,"template":"","format":"standard","meta":{"footnotes":""},"categories":[36,37],"tags":[],"class_list":["post-84274","post","type-post","status-publish","format-standard","has-post-thumbnail","hentry","category-edomex","category-justicia"],"_links":{"self":[{"href":"https:\/\/elinformante.mx\/index.php?rest_route=\/wp\/v2\/posts\/84274","targetHints":{"allow":["GET"]}}],"collection":[{"href":"https:\/\/elinformante.mx\/index.php?rest_route=\/wp\/v2\/posts"}],"about":[{"href":"https:\/\/elinformante.mx\/index.php?rest_route=\/wp\/v2\/types\/post"}],"author":[{"embeddable":true,"href":"https:\/\/elinformante.mx\/index.php?rest_route=\/wp\/v2\/users\/1"}],"replies":[{"embeddable":true,"href":"https:\/\/elinformante.mx\/index.php?rest_route=%2Fwp%2Fv2%2Fcomments&post=84274"}],"version-history":[{"count":0,"href":"https:\/\/elinformante.mx\/index.php?rest_route=\/wp\/v2\/posts\/84274\/revisions"}],"wp:featuredmedia":[{"embeddable":true,"href":"https:\/\/elinformante.mx\/index.php?rest_route=\/wp\/v2\/media\/84275"}],"wp:attachment":[{"href":"https:\/\/elinformante.mx\/index.php?rest_route=%2Fwp%2Fv2%2Fmedia&parent=84274"}],"wp:term":[{"taxonomy":"category","embeddable":true,"href":"https:\/\/elinformante.mx\/index.php?rest_route=%2Fwp%2Fv2%2Fcategories&post=84274"},{"taxonomy":"post_tag","embeddable":true,"href":"https:\/\/elinformante.mx\/index.php?rest_route=%2Fwp%2Fv2%2Ftags&post=84274"}],"curies":[{"name":"wp","href":"https:\/\/api.w.org\/{rel}","templated":true}]}}