{"id":84349,"date":"2025-05-27T07:05:45","date_gmt":"2025-05-27T13:05:45","guid":{"rendered":"https:\/\/elinformante.mx\/?p=84349"},"modified":"2025-05-27T07:05:48","modified_gmt":"2025-05-27T13:05:48","slug":"el-pacifico-mexicano-amenazado-por-la-formacion-de-la-tormenta-tropical-alvin","status":"publish","type":"post","link":"https:\/\/elinformante.mx\/?p=84349","title":{"rendered":"El Pac\u00edfico mexicano amenazado por la formaci\u00f3n de la tormenta tropical Alvin"},"content":{"rendered":"\n<figure class=\"wp-block-pullquote\"><blockquote><p>Se han reforzado las probabilidades de lluvia debido a una zona de baja presi\u00f3n en el lugar.<\/p><\/blockquote><\/figure>\n\n\n\n<p class=\"has-drop-cap wp-block-paragraph\">El Servicio Meteorol\u00f3gico Nacional (SMN) inform\u00f3 que la probabilidad de que se forme el primer cicl\u00f3n tropical de la temporada en el Pac\u00edfico mexicano aument\u00f3 al 90% en una semana, y al 20%, en 48 horas.<br><\/p>\n\n\n\n<p class=\"wp-block-paragraph\">Se\u00f1al\u00f3 que se mantiene vigilada la zona de baja presi\u00f3n al sur de Chiapas, donde se ha incrementado a 20% su probabilidad para desarrollo cicl\u00f3nico en 48 horas y a 90% en siete d\u00edas.<br><\/p>\n\n\n\n<p class=\"wp-block-paragraph\">Detall\u00f3 que el fen\u00f3meno se localiza a 645 kil\u00f3metros al sur-suroeste de la desembocadura del R\u00edo Suchiate, en la frontera entre M\u00e9xico y Guatemala, y se desplaza hacia el oeste-noroeste a 16 kil\u00f3metros por hora.<br><\/p>\n\n\n\n<p class=\"wp-block-paragraph\">El SMN inform\u00f3 que se prev\u00e9 que a mediados de la pr\u00f3xima semana, el sistema evolucione a cicl\u00f3n tropical, al sur de Oaxaca y Guerrero, apunt\u00f3 la Comisi\u00f3n Nacional del Agua (Conagua).<br><\/p>\n\n\n\n<p class=\"wp-block-paragraph\">Adem\u00e1s avisaron de la probabilidad del 80% de formaci\u00f3n del cicl\u00f3n, cifra que el mi\u00e9rcoles 21 de mayo era del 40%.<br><\/p>\n\n\n\n<p class=\"wp-block-paragraph\">Se prev\u00e9 que el periodo de evoluci\u00f3n del meteoro Alvin -nombre que recibir\u00eda en caso de evolucionar a tormenta tropical- finalice el pr\u00f3ximo mi\u00e9rcoles 28 de mayo.<br><\/p>\n\n\n\n<p class=\"wp-block-paragraph\">En este inicio de semana la zona de baja presi\u00f3n con potencial cicl\u00f3nico reforzar\u00e1 la probabilidad de lluvias muy fuertes en el occidente, sur y oriente del pa\u00eds.<br><\/p>\n\n\n\n<p class=\"wp-block-paragraph\">Para la temporada de ciclones que comenz\u00f3 el 15 de mayo, el SMN pronostica entre 16 y 20 sistemas en el Pac\u00edfico.<br><\/p>\n\n\n\n<p class=\"wp-block-paragraph\">El titular del SMN, Fabi\u00e1n V\u00e1zquez Roma\u00f1a, detall\u00f3 a principios de mayo que se esperan de ocho a nueve tormentas tropicales, de cuatro a cinco huracanes categor\u00eda 1 o 2, y de cuatro a seis huracanes mayores (categor\u00eda 3, 4 o 5) en esta regi\u00f3n.<br><\/p>\n\n\n\n<p class=\"wp-block-paragraph\">Mientras que en el Atl\u00e1ntico se esperan entre 13 y 17 sistemas, lo representa que en ambas cuencas se prev\u00e9 un escenario cercano o ligeramente por arriba del promedio, se\u00f1al\u00f3 V\u00e1zquez.<\/p>\n","protected":false},"excerpt":{"rendered":"<p>Se han reforzado las probabilidades de lluvia debido a una zona de baja presi\u00f3n en el lugar. El Servicio Meteorol\u00f3gico Nacional (SMN) inform\u00f3 que la probabilidad de que se forme el primer cicl\u00f3n tropical de la temporada en el Pac\u00edfico mexicano aument\u00f3 al 90% en una semana, y al 20%, en 48 horas. Se\u00f1al\u00f3 que [&hellip;]<\/p>\n","protected":false},"author":1,"featured_media":84350,"comment_status":"closed","ping_status":"closed","sticky":false,"template":"","format":"standard","meta":{"footnotes":""},"categories":[30,34,31],"tags":[],"class_list":["post-84349","post","type-post","status-publish","format-standard","has-post-thumbnail","hentry","category-destacado","category-nacional","category-portada"],"_links":{"self":[{"href":"https:\/\/elinformante.mx\/index.php?rest_route=\/wp\/v2\/posts\/84349","targetHints":{"allow":["GET"]}}],"collection":[{"href":"https:\/\/elinformante.mx\/index.php?rest_route=\/wp\/v2\/posts"}],"about":[{"href":"https:\/\/elinformante.mx\/index.php?rest_route=\/wp\/v2\/types\/post"}],"author":[{"embeddable":true,"href":"https:\/\/elinformante.mx\/index.php?rest_route=\/wp\/v2\/users\/1"}],"replies":[{"embeddable":true,"href":"https:\/\/elinformante.mx\/index.php?rest_route=%2Fwp%2Fv2%2Fcomments&post=84349"}],"version-history":[{"count":0,"href":"https:\/\/elinformante.mx\/index.php?rest_route=\/wp\/v2\/posts\/84349\/revisions"}],"wp:featuredmedia":[{"embeddable":true,"href":"https:\/\/elinformante.mx\/index.php?rest_route=\/wp\/v2\/media\/84350"}],"wp:attachment":[{"href":"https:\/\/elinformante.mx\/index.php?rest_route=%2Fwp%2Fv2%2Fmedia&parent=84349"}],"wp:term":[{"taxonomy":"category","embeddable":true,"href":"https:\/\/elinformante.mx\/index.php?rest_route=%2Fwp%2Fv2%2Fcategories&post=84349"},{"taxonomy":"post_tag","embeddable":true,"href":"https:\/\/elinformante.mx\/index.php?rest_route=%2Fwp%2Fv2%2Ftags&post=84349"}],"curies":[{"name":"wp","href":"https:\/\/api.w.org\/{rel}","templated":true}]}}