{"id":84352,"date":"2025-05-27T07:08:47","date_gmt":"2025-05-27T13:08:47","guid":{"rendered":"https:\/\/elinformante.mx\/?p=84352"},"modified":"2025-05-27T07:08:49","modified_gmt":"2025-05-27T13:08:49","slug":"un-millon-de-alumnos-sin-clase-19-mil-escuelas-cerradas-por-paro-de-la-cnte-mario-delgado","status":"publish","type":"post","link":"https:\/\/elinformante.mx\/?p=84352","title":{"rendered":"UN MILL\u00d3N DE ALUMNOS SIN CLASE; 19 MIL ESCUELAS CERRADAS POR PARO DE LA CNTE: MARIO DELGADO"},"content":{"rendered":"\n<figure class=\"wp-block-pullquote\"><blockquote><p>De las 202 mil 184 escuelas que se tienen en M\u00e9xico, por este paro han dejado de tener clases 19 mil 974, lo cual es un 9.8%.<\/p><\/blockquote><\/figure>\n\n\n\n<p class=\"has-drop-cap wp-block-paragraph\">El secretario de Educaci\u00f3n P\u00fablica, Mario Delgado, se\u00f1al\u00f3 que el paro que mantiene la Coordinadora Nacional de Trabajadores de la Educaci\u00f3n (CNTE) en diversos estados del pa\u00eds ha provocado que 19,974 escuelas est\u00e9n cerradas, adem\u00e1s de que alrededor de un mill\u00f3n de alumnos est\u00e1n afectados por el paro de labores.<br><\/p>\n\n\n\n<figure class=\"wp-block-image size-large\"><img fetchpriority=\"high\" decoding=\"async\" width=\"1024\" height=\"506\" src=\"https:\/\/elinformante.mx\/wp-content\/uploads\/2025\/05\/9mario-2-1024x506.jpg\" alt=\"\" class=\"wp-image-84354\" srcset=\"https:\/\/elinformante.mx\/wp-content\/uploads\/2025\/05\/9mario-2-1024x506.jpg 1024w, https:\/\/elinformante.mx\/wp-content\/uploads\/2025\/05\/9mario-2-300x148.jpg 300w, https:\/\/elinformante.mx\/wp-content\/uploads\/2025\/05\/9mario-2-768x379.jpg 768w, https:\/\/elinformante.mx\/wp-content\/uploads\/2025\/05\/9mario-2.jpg 1140w\" sizes=\"(max-width: 1024px) 100vw, 1024px\" \/><\/figure>\n\n\n\n<p class=\"wp-block-paragraph\">Delgado se\u00f1al\u00f3 que estas 19 mil escuelas en paro se encuentran en los estados de Chiapas, Chihuahua, Ciudad de M\u00e9xico, Guerrero, Oaxaca, Yucat\u00e1n, Zacatecas, as\u00ed como Baja California Sur.<br><\/p>\n\n\n\n<figure class=\"wp-block-image size-large\"><img decoding=\"async\" width=\"1024\" height=\"506\" src=\"https:\/\/elinformante.mx\/wp-content\/uploads\/2025\/05\/9mario-3-1024x506.jpg\" alt=\"\" class=\"wp-image-84355\" srcset=\"https:\/\/elinformante.mx\/wp-content\/uploads\/2025\/05\/9mario-3-1024x506.jpg 1024w, https:\/\/elinformante.mx\/wp-content\/uploads\/2025\/05\/9mario-3-300x148.jpg 300w, https:\/\/elinformante.mx\/wp-content\/uploads\/2025\/05\/9mario-3-768x379.jpg 768w, https:\/\/elinformante.mx\/wp-content\/uploads\/2025\/05\/9mario-3.jpg 1140w\" sizes=\"(max-width: 1024px) 100vw, 1024px\" \/><\/figure>\n\n\n\n<p class=\"wp-block-paragraph\">Se\u00f1al\u00f3 que Chiapas fue uno de los estados con mayores escuelas cerradas por el paro de la CNTE; 3,338 escuelas cerraron, lo que representa un mill\u00f3n 345 mil 330 alumnos que no tuvieron clases, y donde laboran 61 mil 135 docentes.<br><\/p>\n\n\n\n<figure class=\"wp-block-image size-large\"><img decoding=\"async\" width=\"1024\" height=\"506\" src=\"https:\/\/elinformante.mx\/wp-content\/uploads\/2025\/05\/9mario-1024x506.jpg\" alt=\"\" class=\"wp-image-84356\" srcset=\"https:\/\/elinformante.mx\/wp-content\/uploads\/2025\/05\/9mario-1024x506.jpg 1024w, https:\/\/elinformante.mx\/wp-content\/uploads\/2025\/05\/9mario-300x148.jpg 300w, https:\/\/elinformante.mx\/wp-content\/uploads\/2025\/05\/9mario-768x379.jpg 768w, https:\/\/elinformante.mx\/wp-content\/uploads\/2025\/05\/9mario.jpg 1140w\" sizes=\"(max-width: 1024px) 100vw, 1024px\" \/><\/figure>\n\n\n\n<p class=\"wp-block-paragraph\">Ante el paro de labores, actualmente 19 millones de ni\u00f1as, ni\u00f1os y j\u00f3venes (92.1%) asisten a clases en m\u00e1s de 182 mil escuelas (90%) que diariamente han abierto sus puertas.<br><\/p>\n\n\n\n<figure class=\"wp-block-image size-large\"><img loading=\"lazy\" decoding=\"async\" width=\"1024\" height=\"506\" src=\"https:\/\/elinformante.mx\/wp-content\/uploads\/2025\/05\/9mario-4-1024x506.jpg\" alt=\"\" class=\"wp-image-84357\" srcset=\"https:\/\/elinformante.mx\/wp-content\/uploads\/2025\/05\/9mario-4-1024x506.jpg 1024w, https:\/\/elinformante.mx\/wp-content\/uploads\/2025\/05\/9mario-4-300x148.jpg 300w, https:\/\/elinformante.mx\/wp-content\/uploads\/2025\/05\/9mario-4-768x379.jpg 768w, https:\/\/elinformante.mx\/wp-content\/uploads\/2025\/05\/9mario-4.jpg 1140w\" sizes=\"(max-width: 1024px) 100vw, 1024px\" \/><\/figure>\n\n\n\n<p class=\"wp-block-paragraph\">Es decir, de las 202 mil 184 escuelas tenemos que pararon 19 mil 974, lo cual es un 9.8%. \u201cEsos son los datos de la semana pasada\u201d, destac\u00f3 Mario Delgado.<\/p>\n\n\n\n<figure class=\"wp-block-image size-large\"><img loading=\"lazy\" decoding=\"async\" width=\"1024\" height=\"506\" src=\"https:\/\/elinformante.mx\/wp-content\/uploads\/2025\/05\/9mario-5-1024x506.jpg\" alt=\"\" class=\"wp-image-84358\" srcset=\"https:\/\/elinformante.mx\/wp-content\/uploads\/2025\/05\/9mario-5-1024x506.jpg 1024w, https:\/\/elinformante.mx\/wp-content\/uploads\/2025\/05\/9mario-5-300x148.jpg 300w, https:\/\/elinformante.mx\/wp-content\/uploads\/2025\/05\/9mario-5-768x379.jpg 768w, https:\/\/elinformante.mx\/wp-content\/uploads\/2025\/05\/9mario-5.jpg 1140w\" sizes=\"(max-width: 1024px) 100vw, 1024px\" \/><\/figure>\n","protected":false},"excerpt":{"rendered":"<p>De las 202 mil 184 escuelas que se tienen en M\u00e9xico, por este paro han dejado de tener clases 19 mil 974, lo cual es un 9.8%. El secretario de Educaci\u00f3n P\u00fablica, Mario Delgado, se\u00f1al\u00f3 que el paro que mantiene la Coordinadora Nacional de Trabajadores de la Educaci\u00f3n (CNTE) en diversos estados del pa\u00eds ha [&hellip;]<\/p>\n","protected":false},"author":1,"featured_media":84353,"comment_status":"closed","ping_status":"closed","sticky":false,"template":"","format":"standard","meta":{"footnotes":""},"categories":[30,34,31],"tags":[47],"class_list":["post-84352","post","type-post","status-publish","format-standard","has-post-thumbnail","hentry","category-destacado","category-nacional","category-portada","tag-portadanacional"],"_links":{"self":[{"href":"https:\/\/elinformante.mx\/index.php?rest_route=\/wp\/v2\/posts\/84352","targetHints":{"allow":["GET"]}}],"collection":[{"href":"https:\/\/elinformante.mx\/index.php?rest_route=\/wp\/v2\/posts"}],"about":[{"href":"https:\/\/elinformante.mx\/index.php?rest_route=\/wp\/v2\/types\/post"}],"author":[{"embeddable":true,"href":"https:\/\/elinformante.mx\/index.php?rest_route=\/wp\/v2\/users\/1"}],"replies":[{"embeddable":true,"href":"https:\/\/elinformante.mx\/index.php?rest_route=%2Fwp%2Fv2%2Fcomments&post=84352"}],"version-history":[{"count":0,"href":"https:\/\/elinformante.mx\/index.php?rest_route=\/wp\/v2\/posts\/84352\/revisions"}],"wp:featuredmedia":[{"embeddable":true,"href":"https:\/\/elinformante.mx\/index.php?rest_route=\/wp\/v2\/media\/84353"}],"wp:attachment":[{"href":"https:\/\/elinformante.mx\/index.php?rest_route=%2Fwp%2Fv2%2Fmedia&parent=84352"}],"wp:term":[{"taxonomy":"category","embeddable":true,"href":"https:\/\/elinformante.mx\/index.php?rest_route=%2Fwp%2Fv2%2Fcategories&post=84352"},{"taxonomy":"post_tag","embeddable":true,"href":"https:\/\/elinformante.mx\/index.php?rest_route=%2Fwp%2Fv2%2Ftags&post=84352"}],"curies":[{"name":"wp","href":"https:\/\/api.w.org\/{rel}","templated":true}]}}