{"id":84369,"date":"2025-05-27T16:57:55","date_gmt":"2025-05-27T22:57:55","guid":{"rendered":"https:\/\/elinformante.mx\/?p=84369"},"modified":"2025-05-27T16:57:57","modified_gmt":"2025-05-27T22:57:57","slug":"detenidos-por-robo-en-sears-de-plaza-insurgentes","status":"publish","type":"post","link":"https:\/\/elinformante.mx\/?p=84369","title":{"rendered":"DETENIDOS POR ROBO EN SEARS DE PLAZA INSURGENTES"},"content":{"rendered":"\n<p class=\"wp-block-paragraph\">Maiquel \u201cN\u201d y Jorman \u201cN\u201d fueron detenidos al intentar r0b4r unas camisas del Sears de Plaza Insurgentes, en la alcald\u00eda Cuauht\u00e9moc, CDMX.<\/p>\n\n\n\n<p class=\"wp-block-paragraph\">Fueron descubiertos saliendo de la tienda y arrestados por agentes de la Secretar\u00eda de Seguridad Ciudadana (SSC). Ambos quedaron a disposici\u00f3n de la Fiscal\u00eda de la capital.<\/p>\n","protected":false},"excerpt":{"rendered":"<p>Maiquel \u201cN\u201d y Jorman \u201cN\u201d fueron detenidos al intentar r0b4r unas camisas del Sears de Plaza Insurgentes, en la alcald\u00eda Cuauht\u00e9moc, CDMX. Fueron descubiertos saliendo de la tienda y arrestados por agentes de la Secretar\u00eda de Seguridad Ciudadana (SSC). Ambos quedaron a disposici\u00f3n de la Fiscal\u00eda de la capital.<\/p>\n","protected":false},"author":2,"featured_media":84370,"comment_status":"closed","ping_status":"closed","sticky":false,"template":"","format":"standard","meta":{"footnotes":""},"categories":[35],"tags":[],"class_list":["post-84369","post","type-post","status-publish","format-standard","has-post-thumbnail","hentry","category-cdmx"],"_links":{"self":[{"href":"https:\/\/elinformante.mx\/index.php?rest_route=\/wp\/v2\/posts\/84369","targetHints":{"allow":["GET"]}}],"collection":[{"href":"https:\/\/elinformante.mx\/index.php?rest_route=\/wp\/v2\/posts"}],"about":[{"href":"https:\/\/elinformante.mx\/index.php?rest_route=\/wp\/v2\/types\/post"}],"author":[{"embeddable":true,"href":"https:\/\/elinformante.mx\/index.php?rest_route=\/wp\/v2\/users\/2"}],"replies":[{"embeddable":true,"href":"https:\/\/elinformante.mx\/index.php?rest_route=%2Fwp%2Fv2%2Fcomments&post=84369"}],"version-history":[{"count":0,"href":"https:\/\/elinformante.mx\/index.php?rest_route=\/wp\/v2\/posts\/84369\/revisions"}],"wp:featuredmedia":[{"embeddable":true,"href":"https:\/\/elinformante.mx\/index.php?rest_route=\/wp\/v2\/media\/84370"}],"wp:attachment":[{"href":"https:\/\/elinformante.mx\/index.php?rest_route=%2Fwp%2Fv2%2Fmedia&parent=84369"}],"wp:term":[{"taxonomy":"category","embeddable":true,"href":"https:\/\/elinformante.mx\/index.php?rest_route=%2Fwp%2Fv2%2Fcategories&post=84369"},{"taxonomy":"post_tag","embeddable":true,"href":"https:\/\/elinformante.mx\/index.php?rest_route=%2Fwp%2Fv2%2Ftags&post=84369"}],"curies":[{"name":"wp","href":"https:\/\/api.w.org\/{rel}","templated":true}]}}