{"id":84602,"date":"2025-05-29T16:37:28","date_gmt":"2025-05-29T22:37:28","guid":{"rendered":"https:\/\/elinformante.mx\/?p=84602"},"modified":"2025-05-29T16:37:30","modified_gmt":"2025-05-29T22:37:30","slug":"mexico-analizara-fallo-de-eu-contra-aranceles-de-trump","status":"publish","type":"post","link":"https:\/\/elinformante.mx\/?p=84602","title":{"rendered":"M\u00c9XICO ANALIZAR\u00c1 FALLO DE EU CONTRA ARANCELES DE TRUMP"},"content":{"rendered":"\n<p>En la conferencia de hoy, la presidenta de M\u00e9xico, Claudia Sheinbaum Pardo, indic\u00f3 que su gabinete realizar\u00e1 un an\u00e1lisis del alcance que tiene la resoluci\u00f3n de ayer de un tribunal de EU de prohibir los aranceles impuestos por su hom\u00f3logo Donald J. Trump.<\/p>\n\n\n\n<p>Sheinbaum, coment\u00f3 &#8220;Vamos a ver hasta d\u00f3nde tiene alcances, ayer vi esta resoluci\u00f3n, vamos a hacer un an\u00e1lisis de los alcances que esto tiene\u201d.<\/p>\n\n\n\n<p>El d\u00eda de ayer, un tribunal le prohibi\u00f3 a Trump imponer aranceles generalizados a los pa\u00edses, que han afectado a mercados y a sus socios comerciales como M\u00e9xico y Canad\u00e1.<\/p>\n","protected":false},"excerpt":{"rendered":"<p>En la conferencia de hoy, la presidenta de M\u00e9xico, Claudia Sheinbaum Pardo, indic\u00f3 que su gabinete realizar\u00e1 un an\u00e1lisis del alcance que tiene la resoluci\u00f3n de ayer de un tribunal de EU de prohibir los aranceles impuestos por su hom\u00f3logo Donald J. Trump. Sheinbaum, coment\u00f3 &#8220;Vamos a ver hasta d\u00f3nde tiene alcances, ayer vi esta [&hellip;]<\/p>\n","protected":false},"author":2,"featured_media":84603,"comment_status":"closed","ping_status":"closed","sticky":false,"template":"","format":"standard","meta":{"footnotes":""},"categories":[33,34],"tags":[],"class_list":["post-84602","post","type-post","status-publish","format-standard","has-post-thumbnail","hentry","category-mundo","category-nacional"],"_links":{"self":[{"href":"https:\/\/elinformante.mx\/index.php?rest_route=\/wp\/v2\/posts\/84602","targetHints":{"allow":["GET"]}}],"collection":[{"href":"https:\/\/elinformante.mx\/index.php?rest_route=\/wp\/v2\/posts"}],"about":[{"href":"https:\/\/elinformante.mx\/index.php?rest_route=\/wp\/v2\/types\/post"}],"author":[{"embeddable":true,"href":"https:\/\/elinformante.mx\/index.php?rest_route=\/wp\/v2\/users\/2"}],"replies":[{"embeddable":true,"href":"https:\/\/elinformante.mx\/index.php?rest_route=%2Fwp%2Fv2%2Fcomments&post=84602"}],"version-history":[{"count":0,"href":"https:\/\/elinformante.mx\/index.php?rest_route=\/wp\/v2\/posts\/84602\/revisions"}],"wp:featuredmedia":[{"embeddable":true,"href":"https:\/\/elinformante.mx\/index.php?rest_route=\/wp\/v2\/media\/84603"}],"wp:attachment":[{"href":"https:\/\/elinformante.mx\/index.php?rest_route=%2Fwp%2Fv2%2Fmedia&parent=84602"}],"wp:term":[{"taxonomy":"category","embeddable":true,"href":"https:\/\/elinformante.mx\/index.php?rest_route=%2Fwp%2Fv2%2Fcategories&post=84602"},{"taxonomy":"post_tag","embeddable":true,"href":"https:\/\/elinformante.mx\/index.php?rest_route=%2Fwp%2Fv2%2Ftags&post=84602"}],"curies":[{"name":"wp","href":"https:\/\/api.w.org\/{rel}","templated":true}]}}