{"id":84712,"date":"2025-05-30T07:40:22","date_gmt":"2025-05-30T13:40:22","guid":{"rendered":"https:\/\/elinformante.mx\/?p=84712"},"modified":"2025-05-30T07:40:28","modified_gmt":"2025-05-30T13:40:28","slug":"cnte-rechaza-plan-del-gobierno-exigen-hablar-con-sheinbaum","status":"publish","type":"post","link":"https:\/\/elinformante.mx\/?p=84712","title":{"rendered":"CNTE RECHAZA PLAN DEL GOBIERNO; EXIGEN HABLAR CON SHEINBAUM"},"content":{"rendered":"\n<figure class=\"wp-block-pullquote\"><blockquote><p>Los dirigentes magisteriales se\u00f1alaron que en la reuni\u00f3n con las autoridades federales no aceptaron ninguna propuesta<\/p><\/blockquote><\/figure>\n\n\n\n<p class=\"has-drop-cap\">Los integrantes de la Comisi\u00f3n Nacional \u00danica de Negociaci\u00f3n de la Coordinadora Nacional de los Trabajadores de la Educaci\u00f3n (CNTE) dieron a conocer que rechazaron la nueva propuesta del gobierno federal, al argumentar que la mayor parte \u201ctrae pura paja\u201d, y exigieron dialogar con la presidenta Claudia Sheinbaum.<br><\/p>\n\n\n\n<p>Mencionaron que la propuesta de cinco puntos que les ofrecieron la llevar\u00e1n a sus bases para que tomen la decisi\u00f3n. De acuerdo con fuentes de la CNTE, esa consulta puede durar hasta dos d\u00edas.<br><\/p>\n\n\n\n<figure class=\"wp-block-image size-large\"><img fetchpriority=\"high\" decoding=\"async\" width=\"1024\" height=\"506\" src=\"https:\/\/elinformante.mx\/wp-content\/uploads\/2025\/05\/9cnte-2-1024x506.jpg\" alt=\"\" class=\"wp-image-84713\" srcset=\"https:\/\/elinformante.mx\/wp-content\/uploads\/2025\/05\/9cnte-2-1024x506.jpg 1024w, https:\/\/elinformante.mx\/wp-content\/uploads\/2025\/05\/9cnte-2-300x148.jpg 300w, https:\/\/elinformante.mx\/wp-content\/uploads\/2025\/05\/9cnte-2-768x379.jpg 768w, https:\/\/elinformante.mx\/wp-content\/uploads\/2025\/05\/9cnte-2.jpg 1140w\" sizes=\"(max-width: 1024px) 100vw, 1024px\" \/><\/figure>\n\n\n\n<p>Solicitaron les brinden una propuesta nueva, porque los cinco puntos que seguramente van a salir a anunciar no resuelven para nada las demandas justas que tenemos como magisterio movilizado.<br><\/p>\n\n\n\n<p>Pidieron que en los espacios de an\u00e1lisis y de reflexi\u00f3n se analice el documento que a su parecer solo posee \u201cpura paja\u201d.<br><\/p>\n\n\n\n<figure class=\"wp-block-image size-large\"><img decoding=\"async\" width=\"1024\" height=\"506\" src=\"https:\/\/elinformante.mx\/wp-content\/uploads\/2025\/05\/9cnte-4-1024x506.jpg\" alt=\"\" class=\"wp-image-84715\" srcset=\"https:\/\/elinformante.mx\/wp-content\/uploads\/2025\/05\/9cnte-4-1024x506.jpg 1024w, https:\/\/elinformante.mx\/wp-content\/uploads\/2025\/05\/9cnte-4-300x148.jpg 300w, https:\/\/elinformante.mx\/wp-content\/uploads\/2025\/05\/9cnte-4-768x379.jpg 768w, https:\/\/elinformante.mx\/wp-content\/uploads\/2025\/05\/9cnte-4.jpg 1140w\" sizes=\"(max-width: 1024px) 100vw, 1024px\" \/><\/figure>\n\n\n\n<p>\u201cSin embargo, dejaremos a las bases que tomen la decisi\u00f3n pertinente\u201d, dijo Yenni P\u00e9rez, secretaria general de la Secci\u00f3n 22 de la Coordinadora en Oaxaca en un mensaje en medio de Paseo de la Reforma y Bucareli de la Ciudad de M\u00e9xico.<br><\/p>\n\n\n\n<p>Los l\u00edderes del magisterio disidente acudieron el pasado mi\u00e9rcoles a la convocatoria que hicieron los secretarios de Gobernaci\u00f3n, Rosa Icela Rodr\u00edguez, de Educaci\u00f3n, Mario Delgado, y el director del ISSSTE, Mart\u00ed Batres.<br><\/p>\n\n\n\n<figure class=\"wp-block-image size-large\"><img decoding=\"async\" width=\"1024\" height=\"506\" src=\"https:\/\/elinformante.mx\/wp-content\/uploads\/2025\/05\/9cnte-5-1024x506.jpg\" alt=\"\" class=\"wp-image-84716\" srcset=\"https:\/\/elinformante.mx\/wp-content\/uploads\/2025\/05\/9cnte-5-1024x506.jpg 1024w, https:\/\/elinformante.mx\/wp-content\/uploads\/2025\/05\/9cnte-5-300x148.jpg 300w, https:\/\/elinformante.mx\/wp-content\/uploads\/2025\/05\/9cnte-5-768x379.jpg 768w, https:\/\/elinformante.mx\/wp-content\/uploads\/2025\/05\/9cnte-5.jpg 1140w\" sizes=\"(max-width: 1024px) 100vw, 1024px\" \/><\/figure>\n\n\n\n<p>Fueron m\u00e1s de cinco horas de reuni\u00f3n, donde los l\u00edderes magisteriales ofrecieron un mensaje a los docentes que manten\u00edan bloqueada Reforma, se\u00f1alando que no aceptaron absolutamente nada en esa reuni\u00f3n, \u00fanicamente aclararon varias dudas para brindar a la Asamblea Nacional Representativa la informaci\u00f3n de manera responsable.<br><\/p>\n\n\n\n<p>Insisti\u00f3 que en la reuni\u00f3n en la Segob no hubo ninguna respuesta favorable del gobierno que nos llama al di\u00e1logo y que nos denosta en todas las plataformas digitales para decir que hay di\u00e1logo, pero resulta que nos reproduce el mismo discurso, por ello, le dijimos que queremos la mesa con la Presidenta de la Rep\u00fablica porque estos funcionarios han demostrado que no tienen nivel de debate. No toman en cuenta las necesidades del magisterio\u201d.<br><\/p>\n\n\n\n<figure class=\"wp-block-image size-large\"><img loading=\"lazy\" decoding=\"async\" width=\"1024\" height=\"506\" src=\"https:\/\/elinformante.mx\/wp-content\/uploads\/2025\/05\/9cnte-1024x506.jpg\" alt=\"\" class=\"wp-image-84717\" srcset=\"https:\/\/elinformante.mx\/wp-content\/uploads\/2025\/05\/9cnte-1024x506.jpg 1024w, https:\/\/elinformante.mx\/wp-content\/uploads\/2025\/05\/9cnte-300x148.jpg 300w, https:\/\/elinformante.mx\/wp-content\/uploads\/2025\/05\/9cnte-768x379.jpg 768w, https:\/\/elinformante.mx\/wp-content\/uploads\/2025\/05\/9cnte.jpg 1140w\" sizes=\"(max-width: 1024px) 100vw, 1024px\" \/><\/figure>\n\n\n\n<p>Se\u00f1alaron que de salir este 1 de junio no lo har\u00e1n para realizar un boicot, saldr\u00e1n por la abrogaci\u00f3n de la Ley del ISSSTE de 2007.<br><\/p>\n\n\n\n<p>La propuesta que le fue entregada al magisterio disidente contiene cinco puntos: el decreto para el congelamiento y disminuci\u00f3n progresiva de la edad de jubilaci\u00f3n; crear un colectivo interdisciplinario para el estudio de alternativas de los esquemas de seguridad social de los trabajadores al servicio del Estado; desaparecer la Usicamm para seguir con la ruta del fortalecimiento de los derechos laborales y la funci\u00f3n del magisterio como agente de transformaci\u00f3n; instaurar comisiones tripartitas y realizar un registro de r\u00e9gimen de jubilaci\u00f3n.<\/p>\n","protected":false},"excerpt":{"rendered":"<p>Los dirigentes magisteriales se\u00f1alaron que en la reuni\u00f3n con las autoridades federales no aceptaron ninguna propuesta Los integrantes de la Comisi\u00f3n Nacional \u00danica de Negociaci\u00f3n de la Coordinadora Nacional de los Trabajadores de la Educaci\u00f3n (CNTE) dieron a conocer que rechazaron la nueva propuesta del gobierno federal, al argumentar que la mayor parte \u201ctrae pura [&hellip;]<\/p>\n","protected":false},"author":1,"featured_media":84714,"comment_status":"closed","ping_status":"closed","sticky":false,"template":"","format":"standard","meta":{"footnotes":""},"categories":[30,34,31],"tags":[47],"class_list":["post-84712","post","type-post","status-publish","format-standard","has-post-thumbnail","hentry","category-destacado","category-nacional","category-portada","tag-portadanacional"],"_links":{"self":[{"href":"https:\/\/elinformante.mx\/index.php?rest_route=\/wp\/v2\/posts\/84712","targetHints":{"allow":["GET"]}}],"collection":[{"href":"https:\/\/elinformante.mx\/index.php?rest_route=\/wp\/v2\/posts"}],"about":[{"href":"https:\/\/elinformante.mx\/index.php?rest_route=\/wp\/v2\/types\/post"}],"author":[{"embeddable":true,"href":"https:\/\/elinformante.mx\/index.php?rest_route=\/wp\/v2\/users\/1"}],"replies":[{"embeddable":true,"href":"https:\/\/elinformante.mx\/index.php?rest_route=%2Fwp%2Fv2%2Fcomments&post=84712"}],"version-history":[{"count":0,"href":"https:\/\/elinformante.mx\/index.php?rest_route=\/wp\/v2\/posts\/84712\/revisions"}],"wp:featuredmedia":[{"embeddable":true,"href":"https:\/\/elinformante.mx\/index.php?rest_route=\/wp\/v2\/media\/84714"}],"wp:attachment":[{"href":"https:\/\/elinformante.mx\/index.php?rest_route=%2Fwp%2Fv2%2Fmedia&parent=84712"}],"wp:term":[{"taxonomy":"category","embeddable":true,"href":"https:\/\/elinformante.mx\/index.php?rest_route=%2Fwp%2Fv2%2Fcategories&post=84712"},{"taxonomy":"post_tag","embeddable":true,"href":"https:\/\/elinformante.mx\/index.php?rest_route=%2Fwp%2Fv2%2Ftags&post=84712"}],"curies":[{"name":"wp","href":"https:\/\/api.w.org\/{rel}","templated":true}]}}