{"id":85448,"date":"2025-06-10T07:01:46","date_gmt":"2025-06-10T13:01:46","guid":{"rendered":"https:\/\/elinformante.mx\/?p=85448"},"modified":"2025-06-10T07:01:47","modified_gmt":"2025-06-10T13:01:47","slug":"metepec-alista-operativo-de-seguridad-para-el-paseo-de-la-agricultura-2025","status":"publish","type":"post","link":"https:\/\/elinformante.mx\/?p=85448","title":{"rendered":"Metepec alista operativo de seguridad para el Paseo de la Agricultura 2025"},"content":{"rendered":"\n<figure class=\"wp-block-pullquote\"><blockquote><p>Desde las 8:00 horas de hoy martes se cerrar\u00e1 el acceso vehicular a la cabecera municipal hasta concluir el evento.<\/p><\/blockquote><\/figure>\n\n\n\n<p class=\"has-drop-cap\">En el municipio de Metepec, el presidente municipal Fernando Flores Fern\u00e1ndez dio a conocer que con motivo del tradicional Paseo de la Agricultura 2025, se ha dispuesto un amplio operativo de seguridad, el cual est\u00e1 enfocado para garantizar la integridad de asistentes y participantes durante esta emblem\u00e1tica celebraci\u00f3n en honor a San Isidro Labrador.<br><\/p>\n\n\n\n<p>El tradicional paseo se llevar\u00e1 a cabo hoy martes 10 de junio a partir de las 10:00 horas, y contar\u00e1 con la participaci\u00f3n de m\u00e1s de 800 veh\u00edculos, 500 caballos y alrededor de 15 mil personas, de acuerdo a los organizadores.<br><\/p>\n\n\n\n<p>Se\u00f1alaron que el recorrido iniciar\u00e1 en la parroquia de San Juan Bautista, ubicada en la calle 5 de mayo, y recorrer\u00e1 principales vialidades del Pueblo M\u00e1gico, como Avenida Estado de M\u00e9xico, Ignacio Comonfort, Lerdo de Tejada, Vicente Guerrero, Hermenegildo Galeana y 16 de septiembre, concluyendo con la tradicional premiaci\u00f3n en las Escalinatas del Calvario.<br><\/p>\n\n\n\n<p>Flores Fern\u00e1ndez inform\u00f3 que el operativo de seguridad ser\u00e1 encabezado por la Direcci\u00f3n de Seguridad P\u00fablica, con el despliegue de 200 elementos municipales, a los que se sumar\u00e1n 50 polic\u00edas de la Secretar\u00eda de Seguridad del Estado de M\u00e9xico.<br><\/p>\n\n\n\n<figure class=\"wp-block-image size-large\"><img fetchpriority=\"high\" decoding=\"async\" width=\"1024\" height=\"506\" src=\"https:\/\/elinformante.mx\/wp-content\/uploads\/2025\/06\/11metepec-3-1024x506.jpg\" alt=\"\" class=\"wp-image-85450\" srcset=\"https:\/\/elinformante.mx\/wp-content\/uploads\/2025\/06\/11metepec-3-1024x506.jpg 1024w, https:\/\/elinformante.mx\/wp-content\/uploads\/2025\/06\/11metepec-3-300x148.jpg 300w, https:\/\/elinformante.mx\/wp-content\/uploads\/2025\/06\/11metepec-3-768x379.jpg 768w, https:\/\/elinformante.mx\/wp-content\/uploads\/2025\/06\/11metepec-3.jpg 1140w\" sizes=\"(max-width: 1024px) 100vw, 1024px\" \/><\/figure>\n\n\n\n<p>Adem\u00e1s se\u00f1al\u00f3 que tambi\u00e9n participar\u00e1 personal de Protecci\u00f3n Civil, Bomberos e inspectores de la Direcci\u00f3n de Gobernaci\u00f3n, encargados de verificar el cumplimiento de la disposici\u00f3n del cabildo que proh\u00edbe la venta de bebidas alcoh\u00f3licas en la cabecera municipal durante la festividad.<br><\/p>\n\n\n\n<p>El operativo inici\u00f3 desde la noche del lunes con la formaci\u00f3n de los veh\u00edculos participantes, y desde las 8:00 horas de hoy martes, se cerrar\u00e1 el acceso vehicular a la cabecera municipal hasta concluir el evento.<br><\/p>\n\n\n\n<p>Record\u00f3 la autoridad municipal que en ediciones pasadas celebradas en diferentes comunidades de Metepec se ha logrado mantener un saldo blanco, resultado que se busca replicar este a\u00f1o durante el Paseo m\u00e1s grande de la zona metropolitana.<br><\/p>\n\n\n\n<p>Flores Fern\u00e1ndez exhort\u00f3 a la poblaci\u00f3n a tomar precauciones por los cierres viales y a disfrutar de manera ordenada y respetuosa esta importante tradici\u00f3n cultural y religiosa.<\/p>\n","protected":false},"excerpt":{"rendered":"<p>Desde las 8:00 horas de hoy martes se cerrar\u00e1 el acceso vehicular a la cabecera municipal hasta concluir el evento. En el municipio de Metepec, el presidente municipal Fernando Flores Fern\u00e1ndez dio a conocer que con motivo del tradicional Paseo de la Agricultura 2025, se ha dispuesto un amplio operativo de seguridad, el cual est\u00e1 [&hellip;]<\/p>\n","protected":false},"author":1,"featured_media":85449,"comment_status":"closed","ping_status":"closed","sticky":false,"template":"","format":"standard","meta":{"footnotes":""},"categories":[36],"tags":[],"class_list":["post-85448","post","type-post","status-publish","format-standard","has-post-thumbnail","hentry","category-edomex"],"_links":{"self":[{"href":"https:\/\/elinformante.mx\/index.php?rest_route=\/wp\/v2\/posts\/85448","targetHints":{"allow":["GET"]}}],"collection":[{"href":"https:\/\/elinformante.mx\/index.php?rest_route=\/wp\/v2\/posts"}],"about":[{"href":"https:\/\/elinformante.mx\/index.php?rest_route=\/wp\/v2\/types\/post"}],"author":[{"embeddable":true,"href":"https:\/\/elinformante.mx\/index.php?rest_route=\/wp\/v2\/users\/1"}],"replies":[{"embeddable":true,"href":"https:\/\/elinformante.mx\/index.php?rest_route=%2Fwp%2Fv2%2Fcomments&post=85448"}],"version-history":[{"count":0,"href":"https:\/\/elinformante.mx\/index.php?rest_route=\/wp\/v2\/posts\/85448\/revisions"}],"wp:featuredmedia":[{"embeddable":true,"href":"https:\/\/elinformante.mx\/index.php?rest_route=\/wp\/v2\/media\/85449"}],"wp:attachment":[{"href":"https:\/\/elinformante.mx\/index.php?rest_route=%2Fwp%2Fv2%2Fmedia&parent=85448"}],"wp:term":[{"taxonomy":"category","embeddable":true,"href":"https:\/\/elinformante.mx\/index.php?rest_route=%2Fwp%2Fv2%2Fcategories&post=85448"},{"taxonomy":"post_tag","embeddable":true,"href":"https:\/\/elinformante.mx\/index.php?rest_route=%2Fwp%2Fv2%2Ftags&post=85448"}],"curies":[{"name":"wp","href":"https:\/\/api.w.org\/{rel}","templated":true}]}}