{"id":85452,"date":"2025-06-10T07:04:46","date_gmt":"2025-06-10T13:04:46","guid":{"rendered":"https:\/\/elinformante.mx\/?p=85452"},"modified":"2025-06-10T07:04:49","modified_gmt":"2025-06-10T13:04:49","slug":"facultad-de-derecho-de-la-uaemex-terminara-el-semestre-en-linea","status":"publish","type":"post","link":"https:\/\/elinformante.mx\/?p=85452","title":{"rendered":"Facultad de Derecho de la UAEM\u00e9x terminar\u00e1 el semestre en l\u00ednea"},"content":{"rendered":"\n<figure class=\"wp-block-pullquote\"><blockquote><p>Mientras se mantienen las negociaciones entre representantes estudiantiles y las autoridades universitarias.<\/p><\/blockquote><\/figure>\n\n\n\n<p class=\"has-drop-cap\">La Facultad de Derecho de la Universidad Aut\u00f3noma del Estado de M\u00e9xico (UAEM\u00e9x) anunci\u00f3 oficialmente que, a partir de ayer lunes, se retomar\u00e1n todas las actividades acad\u00e9micas bajo la modalidad en l\u00ednea, esto \u00fanicamente para concluir el periodo 2025-A y, al mismo tiempo, continuar con la protesta estudiantil vigente.<br><\/p>\n\n\n\n<p>A trav\u00e9s de un comunicado, la Asamblea Universitaria de Derecho y Medios Alternos de Soluci\u00f3n de Conflictos, inform\u00f3 una serie de acuerdos y determinaciones alcanzadas a trav\u00e9s de las peticiones incluidas en los pliegos petitorios, las cuales pretenden que los alumnos inscritos y los docentes concluyan el plan y los programas de estudio vigentes.<br><\/p>\n\n\n\n<p>En el desplegado, informaron que para Estudios Profesionales se implementar\u00e1 en l\u00ednea un periodo intensivo de dos semanas de regularizaci\u00f3n y evaluaci\u00f3n parcial continua, aunado a tres semanas de evaluaci\u00f3n ordinaria, extraordinaria y t\u00edtulo de suficiencia continuas, a partir de este lunes 9 de junio de 2025.<br><\/p>\n\n\n\n<p>Informaron que dichas condiciones aplicar\u00e1n solo para la conclusi\u00f3n del semestre actual, ya que la UAEM\u00e9x se encuentra condicionada a la resoluci\u00f3n que en derecho corresponde a los puntos petitorios que le competen a la Administraci\u00f3n Central.<br><\/p>\n\n\n\n<p>Afirmaron que el regreso a clases bajo esta modalidad busca garantizar la continuidad acad\u00e9mica de los estudiantes mientras se mantienen las negociaciones entre representantes estudiantiles y las autoridades universitarias.<br><\/p>\n\n\n\n<p>Subrayaron que dicho acuerdo est\u00e1 determinado exclusivamente a la conclusi\u00f3n del semestre actual, de tal manera que la reanudaci\u00f3n de clases para el periodo subsecuente est\u00e1 condicionada a la resoluci\u00f3n de los puntos petitorios que competen a la Administraci\u00f3n Central.<br><\/p>\n\n\n\n<p>En cuanto a Estudios Avanzados, informaron que se implementar\u00e1n dos semanas de regularizaci\u00f3n y evaluaci\u00f3n en l\u00ednea, a partir de este lunes 9 de junio para que las y los estudiantes concluyan el programa correspondiente y los estudiantes becarios activos cumplan con las instituciones correspondientes.<\/p>\n","protected":false},"excerpt":{"rendered":"<p>Mientras se mantienen las negociaciones entre representantes estudiantiles y las autoridades universitarias. La Facultad de Derecho de la Universidad Aut\u00f3noma del Estado de M\u00e9xico (UAEM\u00e9x) anunci\u00f3 oficialmente que, a partir de ayer lunes, se retomar\u00e1n todas las actividades acad\u00e9micas bajo la modalidad en l\u00ednea, esto \u00fanicamente para concluir el periodo 2025-A y, al mismo tiempo, [&hellip;]<\/p>\n","protected":false},"author":1,"featured_media":85453,"comment_status":"closed","ping_status":"closed","sticky":false,"template":"","format":"standard","meta":{"footnotes":""},"categories":[30,36],"tags":[],"class_list":["post-85452","post","type-post","status-publish","format-standard","has-post-thumbnail","hentry","category-destacado","category-edomex"],"_links":{"self":[{"href":"https:\/\/elinformante.mx\/index.php?rest_route=\/wp\/v2\/posts\/85452","targetHints":{"allow":["GET"]}}],"collection":[{"href":"https:\/\/elinformante.mx\/index.php?rest_route=\/wp\/v2\/posts"}],"about":[{"href":"https:\/\/elinformante.mx\/index.php?rest_route=\/wp\/v2\/types\/post"}],"author":[{"embeddable":true,"href":"https:\/\/elinformante.mx\/index.php?rest_route=\/wp\/v2\/users\/1"}],"replies":[{"embeddable":true,"href":"https:\/\/elinformante.mx\/index.php?rest_route=%2Fwp%2Fv2%2Fcomments&post=85452"}],"version-history":[{"count":0,"href":"https:\/\/elinformante.mx\/index.php?rest_route=\/wp\/v2\/posts\/85452\/revisions"}],"wp:featuredmedia":[{"embeddable":true,"href":"https:\/\/elinformante.mx\/index.php?rest_route=\/wp\/v2\/media\/85453"}],"wp:attachment":[{"href":"https:\/\/elinformante.mx\/index.php?rest_route=%2Fwp%2Fv2%2Fmedia&parent=85452"}],"wp:term":[{"taxonomy":"category","embeddable":true,"href":"https:\/\/elinformante.mx\/index.php?rest_route=%2Fwp%2Fv2%2Fcategories&post=85452"},{"taxonomy":"post_tag","embeddable":true,"href":"https:\/\/elinformante.mx\/index.php?rest_route=%2Fwp%2Fv2%2Ftags&post=85452"}],"curies":[{"name":"wp","href":"https:\/\/api.w.org\/{rel}","templated":true}]}}