{"id":85455,"date":"2025-06-10T07:08:28","date_gmt":"2025-06-10T13:08:28","guid":{"rendered":"https:\/\/elinformante.mx\/?p=85455"},"modified":"2025-06-10T07:08:31","modified_gmt":"2025-06-10T13:08:31","slug":"firma-manuel-vilchis-convenio-con-el-consejero-juridico-del-edomex","status":"publish","type":"post","link":"https:\/\/elinformante.mx\/?p=85455","title":{"rendered":"Firma Manuel Vilchis convenio con el Consejero Jur\u00eddico del Edom\u00e9x"},"content":{"rendered":"\n<figure class=\"wp-block-pullquote\"><blockquote><p>Este convenio representa un paso m\u00e1s hacia un municipio m\u00e1s ordenado, justo y comprometido con el respeto a la ley y al bienestar colectivo.<\/p><\/blockquote><\/figure>\n\n\n\n<p class=\"has-drop-cap\">En el municipio de Zinacantepec, el presidente municipal Manuel Vilchis Viveros firm\u00f3 junto al Lic. Jes\u00fas George Zamora, Consejero Jur\u00eddico del Gobierno del Edom\u00e9x, el Convenio de Coordinaci\u00f3n en Materia de Verificaci\u00f3n Administrativa, entre el ayuntamiento y la Consejer\u00eda Jur\u00eddica del Estado de M\u00e9xico.<br><\/p>\n\n\n\n<p>En la firma tambi\u00e9n particip\u00f3 la Lic. Yasm\u00edn Ju\u00e1rez Medr\u00e1n, Encargada del Despacho de la Direcci\u00f3n General del Instituto de Verificaci\u00f3n Administrativa del Estado de M\u00e9xico.<br><\/p>\n\n\n\n<p>Vilchis Viveros se\u00f1al\u00f3 que con este convenio se contin\u00faa fortaleciendo la gobernanza y el cumplimiento normativo en Zinacantepec; adem\u00e1s de garantizar un marco de legalidad, transparencia y orden en el desarrollo de nuestras actividades econ\u00f3micas y administrativas.<br><\/p>\n\n\n\n<figure class=\"wp-block-image size-large\"><img fetchpriority=\"high\" decoding=\"async\" width=\"1024\" height=\"506\" src=\"https:\/\/elinformante.mx\/wp-content\/uploads\/2025\/06\/11zina-2-1024x506.jpg\" alt=\"\" class=\"wp-image-85457\" srcset=\"https:\/\/elinformante.mx\/wp-content\/uploads\/2025\/06\/11zina-2-1024x506.jpg 1024w, https:\/\/elinformante.mx\/wp-content\/uploads\/2025\/06\/11zina-2-300x148.jpg 300w, https:\/\/elinformante.mx\/wp-content\/uploads\/2025\/06\/11zina-2-768x379.jpg 768w, https:\/\/elinformante.mx\/wp-content\/uploads\/2025\/06\/11zina-2.jpg 1140w\" sizes=\"(max-width: 1024px) 100vw, 1024px\" \/><\/figure>\n\n\n\n<p>Mencion\u00f3 que este convenio representa un paso m\u00e1s hacia un municipio m\u00e1s ordenado, justo y comprometido con el respeto a la ley y al bienestar colectivo.<br><\/p>\n\n\n\n<p>Vilchis Viveros afirm\u00f3 que con este convenio se podr\u00e1 construir una gesti\u00f3n p\u00fablica m\u00e1s \u00e1gil, eficiente y al servicio de la ciudadan\u00eda, fortaleciendo el desempe\u00f1o de los verificadores municipales, reduciendo las pr\u00e1cticas indebidas.<br><\/p>\n\n\n\n<p>Y afirm\u00f3 que la administraci\u00f3n en Zinacantepec, continuar\u00e1 trabajando con austeridad y servicio, seguir\u00e1 agilizando los tr\u00e1mites; adem\u00e1s de realizar las verificaciones necesarias en materia econ\u00f3mica de manera confiable y transparente, combatiendo la corrupci\u00f3n y garantizando la legalidad en los procesos.<\/p>\n","protected":false},"excerpt":{"rendered":"<p>Este convenio representa un paso m\u00e1s hacia un municipio m\u00e1s ordenado, justo y comprometido con el respeto a la ley y al bienestar colectivo. En el municipio de Zinacantepec, el presidente municipal Manuel Vilchis Viveros firm\u00f3 junto al Lic. Jes\u00fas George Zamora, Consejero Jur\u00eddico del Gobierno del Edom\u00e9x, el Convenio de Coordinaci\u00f3n en Materia de [&hellip;]<\/p>\n","protected":false},"author":1,"featured_media":85456,"comment_status":"closed","ping_status":"closed","sticky":false,"template":"","format":"standard","meta":{"footnotes":""},"categories":[36],"tags":[],"class_list":["post-85455","post","type-post","status-publish","format-standard","has-post-thumbnail","hentry","category-edomex"],"_links":{"self":[{"href":"https:\/\/elinformante.mx\/index.php?rest_route=\/wp\/v2\/posts\/85455","targetHints":{"allow":["GET"]}}],"collection":[{"href":"https:\/\/elinformante.mx\/index.php?rest_route=\/wp\/v2\/posts"}],"about":[{"href":"https:\/\/elinformante.mx\/index.php?rest_route=\/wp\/v2\/types\/post"}],"author":[{"embeddable":true,"href":"https:\/\/elinformante.mx\/index.php?rest_route=\/wp\/v2\/users\/1"}],"replies":[{"embeddable":true,"href":"https:\/\/elinformante.mx\/index.php?rest_route=%2Fwp%2Fv2%2Fcomments&post=85455"}],"version-history":[{"count":0,"href":"https:\/\/elinformante.mx\/index.php?rest_route=\/wp\/v2\/posts\/85455\/revisions"}],"wp:featuredmedia":[{"embeddable":true,"href":"https:\/\/elinformante.mx\/index.php?rest_route=\/wp\/v2\/media\/85456"}],"wp:attachment":[{"href":"https:\/\/elinformante.mx\/index.php?rest_route=%2Fwp%2Fv2%2Fmedia&parent=85455"}],"wp:term":[{"taxonomy":"category","embeddable":true,"href":"https:\/\/elinformante.mx\/index.php?rest_route=%2Fwp%2Fv2%2Fcategories&post=85455"},{"taxonomy":"post_tag","embeddable":true,"href":"https:\/\/elinformante.mx\/index.php?rest_route=%2Fwp%2Fv2%2Ftags&post=85455"}],"curies":[{"name":"wp","href":"https:\/\/api.w.org\/{rel}","templated":true}]}}