{"id":85462,"date":"2025-06-10T07:12:35","date_gmt":"2025-06-10T13:12:35","guid":{"rendered":"https:\/\/elinformante.mx\/?p=85462"},"modified":"2025-06-10T07:12:37","modified_gmt":"2025-06-10T13:12:37","slug":"arranca-prerregistro-para-los-programas-vivienda-para-el-bienestar-y-mi-primer-hogar-en-edomex","status":"publish","type":"post","link":"https:\/\/elinformante.mx\/?p=85462","title":{"rendered":"Arranca prerregistro para los programas \u201cVivienda para el bienestar\u201d y \u201cMi primer hogar\u201d en Edom\u00e9x"},"content":{"rendered":"\n<figure class=\"wp-block-pullquote\"><blockquote><p>-Las personas interesadas deber\u00e1n tener a la mano: acta de nacimiento original, identificaci\u00f3n oficial vigente con fotograf\u00eda y domicilio en el Edom\u00e9x, CURP y comprobante de domicilio.<\/p><\/blockquote><\/figure>\n\n\n\n<p class=\"has-drop-cap\">El Gobierno del Estado de M\u00e9xico inici\u00f3 este 9 de junio el prerregistro para los programas de desarrollo social \u201cVivienda para el bienestar\u201d y \u201cMi primer hogar\u201d, a trav\u00e9s de la p\u00e1gina web programasimevis.edomex.gob.mx<br><\/p>\n\n\n\n<p>El Instituto Mexiquense de la Vivienda Social (Imevis), organismo de la SECRETAR\u00cdA DE DESARROLLO URBANO E INFRAESTRUCTURA (Sedui) record\u00f3 a las familias mexiquenses que este proceso es gratuito, personal y se realiza de acuerdo con la letra inicial del primer apellido de las y los interesados.<br><\/p>\n\n\n\n<p>Adem\u00e1s, el sistema solicitar\u00e1 responder un cuestionario sobre las condiciones socioecon\u00f3micas y de la vivienda de los solicitantes.<br><\/p>\n\n\n\n<p>Ambos programas est\u00e1n dirigidos a personas que habitan en el Estado de M\u00e9xico, con un terreno o vivienda propia. Las personas interesadas deber\u00e1n presentar acta de nacimiento, identificaci\u00f3n oficial vigente con fotograf\u00eda, CURP y comprobante de domicilio con vigencia m\u00e1xima de tres meses.<br><\/p>\n\n\n\n<figure class=\"wp-block-image size-large\"><img fetchpriority=\"high\" decoding=\"async\" width=\"1024\" height=\"506\" src=\"https:\/\/elinformante.mx\/wp-content\/uploads\/2025\/06\/8arranca-1024x506.jpg\" alt=\"\" class=\"wp-image-85464\" srcset=\"https:\/\/elinformante.mx\/wp-content\/uploads\/2025\/06\/8arranca-1024x506.jpg 1024w, https:\/\/elinformante.mx\/wp-content\/uploads\/2025\/06\/8arranca-300x148.jpg 300w, https:\/\/elinformante.mx\/wp-content\/uploads\/2025\/06\/8arranca-768x379.jpg 768w, https:\/\/elinformante.mx\/wp-content\/uploads\/2025\/06\/8arranca.jpg 1140w\" sizes=\"(max-width: 1024px) 100vw, 1024px\" \/><\/figure>\n\n\n\n<p>El Imevis destac\u00f3 que no podr\u00e1n acceder a los programas quienes sean beneficiarios de otros apoyos a la vivienda brindados por este organismo y se dar\u00e1 prioridad a la poblaci\u00f3n que no cuente con ning\u00fan otro tipo de programa del bienestar.<br><\/p>\n\n\n\n<p>Quienes cumplan con todos los requisitos ser\u00e1n notificados a trav\u00e9s del correo electr\u00f3nico y\/o tel\u00e9fono registrado, con la fecha, hora y lugar en que deber\u00e1n presentarse en alguno de los m\u00f3dulos de registro de las 12 delegaciones regionales del Imevis, oficinas centrales o m\u00f3dulos itinerantes que se instalar\u00e1n seg\u00fan corresponda.<br><\/p>\n\n\n\n<p>En caso de no poder completar el proceso en la fecha asignada, el 7 y 8 de julio de 2025 ser\u00e1n los \u00fanicos d\u00edas destinados para rezagados.<br><\/p>\n\n\n\n<p>Las convocatorias pueden ser consultadas en www.imevis.edomex.gob.mx. Para m\u00e1s informaci\u00f3n se pone a disposici\u00f3n el tel\u00e9fono 722 276 55 50, extensiones 158 y 225, as\u00ed como las redes sociales @IMEVISEdomex en Facebook, Instagram y X.<\/p>\n","protected":false},"excerpt":{"rendered":"<p>-Las personas interesadas deber\u00e1n tener a la mano: acta de nacimiento original, identificaci\u00f3n oficial vigente con fotograf\u00eda y domicilio en el Edom\u00e9x, CURP y comprobante de domicilio. El Gobierno del Estado de M\u00e9xico inici\u00f3 este 9 de junio el prerregistro para los programas de desarrollo social \u201cVivienda para el bienestar\u201d y \u201cMi primer hogar\u201d, a [&hellip;]<\/p>\n","protected":false},"author":1,"featured_media":85463,"comment_status":"closed","ping_status":"closed","sticky":false,"template":"","format":"standard","meta":{"footnotes":""},"categories":[36],"tags":[],"class_list":["post-85462","post","type-post","status-publish","format-standard","has-post-thumbnail","hentry","category-edomex"],"_links":{"self":[{"href":"https:\/\/elinformante.mx\/index.php?rest_route=\/wp\/v2\/posts\/85462","targetHints":{"allow":["GET"]}}],"collection":[{"href":"https:\/\/elinformante.mx\/index.php?rest_route=\/wp\/v2\/posts"}],"about":[{"href":"https:\/\/elinformante.mx\/index.php?rest_route=\/wp\/v2\/types\/post"}],"author":[{"embeddable":true,"href":"https:\/\/elinformante.mx\/index.php?rest_route=\/wp\/v2\/users\/1"}],"replies":[{"embeddable":true,"href":"https:\/\/elinformante.mx\/index.php?rest_route=%2Fwp%2Fv2%2Fcomments&post=85462"}],"version-history":[{"count":0,"href":"https:\/\/elinformante.mx\/index.php?rest_route=\/wp\/v2\/posts\/85462\/revisions"}],"wp:featuredmedia":[{"embeddable":true,"href":"https:\/\/elinformante.mx\/index.php?rest_route=\/wp\/v2\/media\/85463"}],"wp:attachment":[{"href":"https:\/\/elinformante.mx\/index.php?rest_route=%2Fwp%2Fv2%2Fmedia&parent=85462"}],"wp:term":[{"taxonomy":"category","embeddable":true,"href":"https:\/\/elinformante.mx\/index.php?rest_route=%2Fwp%2Fv2%2Fcategories&post=85462"},{"taxonomy":"post_tag","embeddable":true,"href":"https:\/\/elinformante.mx\/index.php?rest_route=%2Fwp%2Fv2%2Ftags&post=85462"}],"curies":[{"name":"wp","href":"https:\/\/api.w.org\/{rel}","templated":true}]}}