{"id":85480,"date":"2025-06-10T07:38:28","date_gmt":"2025-06-10T13:38:28","guid":{"rendered":"https:\/\/elinformante.mx\/?p=85480"},"modified":"2025-06-10T07:38:29","modified_gmt":"2025-06-10T13:38:29","slug":"presenta-rojo-de-la-vega-brigada-tormenta-para-responder-a-emergencias-en-temporada-de-lluvias","status":"publish","type":"post","link":"https:\/\/elinformante.mx\/?p=85480","title":{"rendered":"Presenta Rojo de la Vega \u201cBrigada Tormenta\u201d para responder a emergencias en temporada de lluvias"},"content":{"rendered":"\n<figure class=\"wp-block-pullquote\"><blockquote><p>-Est\u00e1 integrada por 120 personas operativas, camiones Vactor, retroexcavadoras, brazos hidr\u00e1ulicos y unidades de emergencia.<\/p><\/blockquote><\/figure>\n\n\n\n<p class=\"has-drop-cap\">Con el objetivo de responder de manera inmediata ante lluvias intensas, la alcaldesa Alessandra Rojo de la Vega present\u00f3 oficialmente la Brigada Tormenta, una fuerza operativa conformada por personal de las Direcciones Generales de Servicios Urbanos, as\u00ed como Seguridad Ciudadana y Protecci\u00f3n Civil, lista para actuar las 24 horas del d\u00eda, los 7 d\u00edas de la semana en las 33 colonias de la demarcaci\u00f3n.<br><\/p>\n\n\n\n<p>\u201cHoy no venimos a presentar un programa m\u00e1s, venimos a decirles de frente y con hechos que en Cuauht\u00e9moc hay gobierno, que cuida, que protege y que se rifa por su gente\u201d, expres\u00f3 Ale Rojo de la Vega durante el acto realizado en la explanada de la sede alcald\u00eda.<br><\/p>\n\n\n\n<p>La brigada est\u00e1 compuesta por m\u00e1s de 120 trabajadoras y trabajadores operativos y cuenta con equipamiento especializado, entre ellos: 7 camiones Vactor, 3 brazos hidr\u00e1ulicos, 1 retroexcavadora, 1 bobcat, 1 cami\u00f3n volteo, 4 camionetas pick up y 1 unidad de atenci\u00f3n a emergencias.<br><\/p>\n\n\n\n<p>En el acto, se inform\u00f3 que, del 30 de mayo a la fecha, se han realizado 3 mil 700 metros lineales de desazolve, 68 limpiezas de coladeras, rejillas y pozos de visita, adem\u00e1s de 12 reparaciones de fugas de agua potable y la atenci\u00f3n a seis \u00e1rboles ca\u00eddos.<br><\/p>\n\n\n\n<p>La Brigada Tormenta estar\u00e1 activa durante toda la temporada de lluvias y atender\u00e1 reportes ciudadanos en tiempo real. Adem\u00e1s, las tareas de prevenci\u00f3n se mantendr\u00e1n con limpieza de rejillas, monitoreo de encharcamientos y patrullaje en zonas clave de la demarcaci\u00f3n. Para emergencias, se mantiene activo el n\u00famero de Base Diana: 55 23 30 10 16.<\/p>\n","protected":false},"excerpt":{"rendered":"<p>-Est\u00e1 integrada por 120 personas operativas, camiones Vactor, retroexcavadoras, brazos hidr\u00e1ulicos y unidades de emergencia. Con el objetivo de responder de manera inmediata ante lluvias intensas, la alcaldesa Alessandra Rojo de la Vega present\u00f3 oficialmente la Brigada Tormenta, una fuerza operativa conformada por personal de las Direcciones Generales de Servicios Urbanos, as\u00ed como Seguridad Ciudadana [&hellip;]<\/p>\n","protected":false},"author":1,"featured_media":85481,"comment_status":"closed","ping_status":"closed","sticky":false,"template":"","format":"standard","meta":{"footnotes":""},"categories":[35],"tags":[],"class_list":["post-85480","post","type-post","status-publish","format-standard","has-post-thumbnail","hentry","category-cdmx"],"_links":{"self":[{"href":"https:\/\/elinformante.mx\/index.php?rest_route=\/wp\/v2\/posts\/85480","targetHints":{"allow":["GET"]}}],"collection":[{"href":"https:\/\/elinformante.mx\/index.php?rest_route=\/wp\/v2\/posts"}],"about":[{"href":"https:\/\/elinformante.mx\/index.php?rest_route=\/wp\/v2\/types\/post"}],"author":[{"embeddable":true,"href":"https:\/\/elinformante.mx\/index.php?rest_route=\/wp\/v2\/users\/1"}],"replies":[{"embeddable":true,"href":"https:\/\/elinformante.mx\/index.php?rest_route=%2Fwp%2Fv2%2Fcomments&post=85480"}],"version-history":[{"count":0,"href":"https:\/\/elinformante.mx\/index.php?rest_route=\/wp\/v2\/posts\/85480\/revisions"}],"wp:featuredmedia":[{"embeddable":true,"href":"https:\/\/elinformante.mx\/index.php?rest_route=\/wp\/v2\/media\/85481"}],"wp:attachment":[{"href":"https:\/\/elinformante.mx\/index.php?rest_route=%2Fwp%2Fv2%2Fmedia&parent=85480"}],"wp:term":[{"taxonomy":"category","embeddable":true,"href":"https:\/\/elinformante.mx\/index.php?rest_route=%2Fwp%2Fv2%2Fcategories&post=85480"},{"taxonomy":"post_tag","embeddable":true,"href":"https:\/\/elinformante.mx\/index.php?rest_route=%2Fwp%2Fv2%2Ftags&post=85480"}],"curies":[{"name":"wp","href":"https:\/\/api.w.org\/{rel}","templated":true}]}}