{"id":85483,"date":"2025-06-10T07:40:15","date_gmt":"2025-06-10T13:40:15","guid":{"rendered":"https:\/\/elinformante.mx\/?p=85483"},"modified":"2025-06-10T07:40:17","modified_gmt":"2025-06-10T13:40:17","slug":"se-realizan-en-las-alcaldias-alvaro-obregon-y-la-magdalena-contreras-limpia-de-barrancas-ante-temporada-de-lluvias","status":"publish","type":"post","link":"https:\/\/elinformante.mx\/?p=85483","title":{"rendered":"Se realizan en las alcald\u00edas \u00c1lvaro Obreg\u00f3n y La Magdalena Contreras limpia de barrancas ante temporada de lluvias"},"content":{"rendered":"\n<figure class=\"wp-block-pullquote\"><blockquote><p>Estas acciones tienen el objetivo de prevenir riesgos durante la temporada de lluvias, proteger la biodiversidad y los mantos acu\u00edferos de la CDMX<\/p><\/blockquote><\/figure>\n\n\n\n<p class=\"has-drop-cap\">Los alcaldes de \u00c1lvaro Obreg\u00f3n, Javier L\u00f3pez Casar\u00edn, y Fernando Mercado, y de la alcald\u00eda Magdalena Contreras, encabezaron una jornada de limpieza y saneamiento en la Barranca de Texcalatlaco, una importante \u00e1rea de valor ambiental que comparten ambas demarcaciones.<br><\/p>\n\n\n\n<p>Estas acciones tienen el objetivo de prevenir riesgos durante la temporada de lluvias, proteger la biodiversidad y los mantos acu\u00edferos de la CDMX, adem\u00e1s de fortalecer la salud de los ecosistemas urbanos.<br><\/p>\n\n\n\n<p>Fernando Mercado se\u00f1al\u00f3 que se inici\u00f3 esta jornada de limpieza en la Barranca de Texcalatlaco, entre las alcald\u00edas \u00c1lvaro Obreg\u00f3n y La Magdalena Contreras, y que gracias al trabajo coordinado con la ciudadan\u00eda y las autoridades, se han retirado m\u00e1s de 33 toneladas de residuos.<br><\/p>\n\n\n\n<p>Informaron que se recolectaron 5 toneladas de residuos s\u00f3lidos. Esta jornada forma parte de un esfuerzo sostenido que ambas demarcaciones realizan desde hace tiempo en los l\u00edmites fronterizos, particularmente en suelo de conservaci\u00f3n, cuerpos de agua y barrancas.<br><\/p>\n\n\n\n<p>Mercado anunci\u00f3 que, gracias al trabajo coordinado entre las alcald\u00edas, se llevar\u00e1 a cabo trabajos de infraestructura; uno de los proyectos es el rescate de espacio p\u00fablico haciendo un sendero seguro que comunique a las dos alcald\u00edas, con luminarias, colocando nuevas mallas, que protejan la barranca, se arreglar\u00e1 el pavimento, la baqueta y se realizar\u00e1 el bacheo necesario.<br><\/p>\n\n\n\n<p>La jornada cont\u00f3 con la participaci\u00f3n de una brigada de m\u00e1s de 450 personas, integradas por personal de la Secretar\u00eda de Medio Ambiente, cuadrillas de las alcald\u00edas \u00c1lvaro Obreg\u00f3n y La Magdalena Contreras.<br><\/p>\n\n\n\n<p>\u201cEsta barranca es la m\u00e1s extensa que divide a \u00c1lvaro Obreg\u00f3n de La Magdalena Contreras. Por ello, estas acciones son fundamentales para mitigar riesgos, conservar el entorno natural y mejorar la calidad de vida de nuestras comunidades\u201d, a\u00f1adi\u00f3 Mercado.<br><\/p>\n\n\n\n<p>L\u00f3pez Casar\u00edn se\u00f1al\u00f3 que las tareas se enmarcan en el Programa \u201cTlaloque\u201d, anunciado recientemente por la Jefa de Gobierno, Clara Brugada, para enfrentar la temporada de lluvias. Destac\u00f3 que el mantenimiento de las barrancas tambi\u00e9n forma parte del convenio que firm\u00f3 la Presidenta Claudia Sheinbaum con todos los gobernadores por el Derecho Humano al Agua y la Sustentabilidad.<br><\/p>\n\n\n\n<p>Y afirm\u00f3 que las barrancas son cruciales para la recuperaci\u00f3n del manto acu\u00edfero. En la CDMX existen 43 y de estas 27 pertenecen a las dos alcald\u00edas. Aunque lamentablemente se han convertido en tiraderos clandestinos donde se puede encontrar desde cascajo, muebles, refrigeradores, ropa y todo tipo de basura.<br><\/p>\n\n\n\n<p>\u201cTodo eso obstruye el cauce natural del agua y genera inundaciones en las zonas bajas\u201d, explic\u00f3.<br><\/p>\n\n\n\n<p>Adem\u00e1s del retiro de residuos, las autoridades indicaron la importancia de recuperar las \u00e1reas de valor ambiental, lo cual implica reforestaci\u00f3n, saneamiento de r\u00edos y la participaci\u00f3n activa de vecinos para garantizar la sostenibilidad de los trabajos La alcald\u00eda La Magdalena Contreras en conjunto con \u00c1lvaro Obreg\u00f3n y el Gobierno de la Ciudad de M\u00e9xico hace un llamado a la ciudadan\u00eda a evitar tirar basura en estos espacios naturales y a sumarse a las labores de protecci\u00f3n ambiental.<\/p>\n","protected":false},"excerpt":{"rendered":"<p>Estas acciones tienen el objetivo de prevenir riesgos durante la temporada de lluvias, proteger la biodiversidad y los mantos acu\u00edferos de la CDMX Los alcaldes de \u00c1lvaro Obreg\u00f3n, Javier L\u00f3pez Casar\u00edn, y Fernando Mercado, y de la alcald\u00eda Magdalena Contreras, encabezaron una jornada de limpieza y saneamiento en la Barranca de Texcalatlaco, una importante \u00e1rea [&hellip;]<\/p>\n","protected":false},"author":1,"featured_media":85484,"comment_status":"closed","ping_status":"closed","sticky":false,"template":"","format":"standard","meta":{"footnotes":""},"categories":[35,30],"tags":[],"class_list":["post-85483","post","type-post","status-publish","format-standard","has-post-thumbnail","hentry","category-cdmx","category-destacado"],"_links":{"self":[{"href":"https:\/\/elinformante.mx\/index.php?rest_route=\/wp\/v2\/posts\/85483","targetHints":{"allow":["GET"]}}],"collection":[{"href":"https:\/\/elinformante.mx\/index.php?rest_route=\/wp\/v2\/posts"}],"about":[{"href":"https:\/\/elinformante.mx\/index.php?rest_route=\/wp\/v2\/types\/post"}],"author":[{"embeddable":true,"href":"https:\/\/elinformante.mx\/index.php?rest_route=\/wp\/v2\/users\/1"}],"replies":[{"embeddable":true,"href":"https:\/\/elinformante.mx\/index.php?rest_route=%2Fwp%2Fv2%2Fcomments&post=85483"}],"version-history":[{"count":0,"href":"https:\/\/elinformante.mx\/index.php?rest_route=\/wp\/v2\/posts\/85483\/revisions"}],"wp:featuredmedia":[{"embeddable":true,"href":"https:\/\/elinformante.mx\/index.php?rest_route=\/wp\/v2\/media\/85484"}],"wp:attachment":[{"href":"https:\/\/elinformante.mx\/index.php?rest_route=%2Fwp%2Fv2%2Fmedia&parent=85483"}],"wp:term":[{"taxonomy":"category","embeddable":true,"href":"https:\/\/elinformante.mx\/index.php?rest_route=%2Fwp%2Fv2%2Fcategories&post=85483"},{"taxonomy":"post_tag","embeddable":true,"href":"https:\/\/elinformante.mx\/index.php?rest_route=%2Fwp%2Fv2%2Ftags&post=85483"}],"curies":[{"name":"wp","href":"https:\/\/api.w.org\/{rel}","templated":true}]}}