{"id":85499,"date":"2025-06-10T07:48:23","date_gmt":"2025-06-10T13:48:23","guid":{"rendered":"https:\/\/elinformante.mx\/?p=85499"},"modified":"2025-06-10T07:48:24","modified_gmt":"2025-06-10T13:48:24","slug":"mexico-acepta-mantener-coordinacion-con-eua-pero-no-la-subordinacion-de-la-fuente","status":"publish","type":"post","link":"https:\/\/elinformante.mx\/?p=85499","title":{"rendered":"M\u00e9xico acepta mantener coordinaci\u00f3n con EUA, pero no la subordinaci\u00f3n: De la Fuente"},"content":{"rendered":"\n<figure class=\"wp-block-pullquote\"><blockquote><p>El canciller reiter\u00f3 la disposici\u00f3n del gobierno mexicano para proteger a sus connacionales dentro del marco legal internacional<\/p><\/blockquote><\/figure>\n\n\n\n<p class=\"has-drop-cap\">El canciller reiter\u00f3 la disposici\u00f3n del gobierno mexicano para proteger a sus connacionales dentro del marco legal internacional y mediante mecanismos consulares establecidos.<br><\/p>\n\n\n\n<p>Tras el reciente operativo del ICE en Los \u00c1ngeles, donde se detuvieron a 42 ciudadanos mexicanos, se abre un nuevo episodio en la tensi\u00f3n diplom\u00e1tica entre M\u00e9xico y Estados Unidos.<br><\/p>\n\n\n\n<p>El canciller Juan Ram\u00f3n de la Fuente mencion\u00f3 que el gobierno mexicano mantendr\u00e1 su postura, que es la de mantener un di\u00e1logo abierto con las agencias migratorias estadounidenses sin aceptar condiciones de subordinaci\u00f3n. En su mensaje se destac\u00f3 la disposici\u00f3n a coordinar esfuerzos mediante respeto mutuo y principios diplom\u00e1ticos firmes.<br><\/p>\n\n\n\n<p>De la Fuente expuso las acciones diplom\u00e1ticas emprendidas durante el fin de semana, y mencion\u00f3 que desde que iniciaron las redadas el cuerpo consular actu\u00f3 con prontitud para brindar apoyo a los afectados.<br><\/p>\n\n\n\n<p>Adem\u00e1s de establecer contacto con autoridades estadounidenses para facilitar el acceso del personal mexicano a los centros de detenci\u00f3n; logrando llevar a cabo las gestiones necesarias para garantizar este acceso.<br><\/p>\n\n\n\n<p>Se\u00f1al\u00f3 que mantuvo contacto con el embajador Johnson de los Estados Unidos en M\u00e9xico y con el embajador Moctezuma en Washington, quienes estuvieron apoyando para que pudieran nuestros agentes consulares, nuestro personal de protecci\u00f3n, acceder a los centros de detenci\u00f3n, explic\u00f3 de la Fuente ante medios y funcionarios.<br><\/p>\n\n\n\n<p>El funcionario resalt\u00f3 el equilibrio entre cooperaci\u00f3n institucional y defensa de principios soberanos. Aclar\u00f3 que, aunque se mantendr\u00e1n las v\u00edas de comunicaci\u00f3n abiertas con ICE, la Oficina de Aduanas y Protecci\u00f3n Fronteriza (CBP) y otras entidades relacionadas con migraci\u00f3n, las decisiones del gobierno mexicano seguir\u00e1n guiadas por el respeto mutuo.<br><\/p>\n\n\n\n<p>Subray\u00f3 que el enfoque del gobierno mexicano busca una colaboraci\u00f3n respetuosa, sin implicar acatamiento a decisiones externas.<br><\/p>\n\n\n\n<p>Esta postura se enmarca en el contexto de un operativo migratorio que gener\u00f3 tensi\u00f3n entre diversas comunidades de migrantes y autoridades estadounidenses.<br><\/p>\n\n\n\n<p>Ante esta situaci\u00f3n, el canciller reiter\u00f3 la disposici\u00f3n del gobierno mexicano para proteger a sus connacionales dentro del marco legal internacional y mediante mecanismos consulares establecidos.<\/p>\n","protected":false},"excerpt":{"rendered":"<p>El canciller reiter\u00f3 la disposici\u00f3n del gobierno mexicano para proteger a sus connacionales dentro del marco legal internacional El canciller reiter\u00f3 la disposici\u00f3n del gobierno mexicano para proteger a sus connacionales dentro del marco legal internacional y mediante mecanismos consulares establecidos. Tras el reciente operativo del ICE en Los \u00c1ngeles, donde se detuvieron a 42 [&hellip;]<\/p>\n","protected":false},"author":1,"featured_media":85500,"comment_status":"closed","ping_status":"closed","sticky":false,"template":"","format":"standard","meta":{"footnotes":""},"categories":[34],"tags":[],"class_list":["post-85499","post","type-post","status-publish","format-standard","has-post-thumbnail","hentry","category-nacional"],"_links":{"self":[{"href":"https:\/\/elinformante.mx\/index.php?rest_route=\/wp\/v2\/posts\/85499","targetHints":{"allow":["GET"]}}],"collection":[{"href":"https:\/\/elinformante.mx\/index.php?rest_route=\/wp\/v2\/posts"}],"about":[{"href":"https:\/\/elinformante.mx\/index.php?rest_route=\/wp\/v2\/types\/post"}],"author":[{"embeddable":true,"href":"https:\/\/elinformante.mx\/index.php?rest_route=\/wp\/v2\/users\/1"}],"replies":[{"embeddable":true,"href":"https:\/\/elinformante.mx\/index.php?rest_route=%2Fwp%2Fv2%2Fcomments&post=85499"}],"version-history":[{"count":0,"href":"https:\/\/elinformante.mx\/index.php?rest_route=\/wp\/v2\/posts\/85499\/revisions"}],"wp:featuredmedia":[{"embeddable":true,"href":"https:\/\/elinformante.mx\/index.php?rest_route=\/wp\/v2\/media\/85500"}],"wp:attachment":[{"href":"https:\/\/elinformante.mx\/index.php?rest_route=%2Fwp%2Fv2%2Fmedia&parent=85499"}],"wp:term":[{"taxonomy":"category","embeddable":true,"href":"https:\/\/elinformante.mx\/index.php?rest_route=%2Fwp%2Fv2%2Fcategories&post=85499"},{"taxonomy":"post_tag","embeddable":true,"href":"https:\/\/elinformante.mx\/index.php?rest_route=%2Fwp%2Fv2%2Ftags&post=85499"}],"curies":[{"name":"wp","href":"https:\/\/api.w.org\/{rel}","templated":true}]}}