{"id":85511,"date":"2025-06-10T07:58:14","date_gmt":"2025-06-10T13:58:14","guid":{"rendered":"https:\/\/elinformante.mx\/?p=85511"},"modified":"2025-06-10T07:58:18","modified_gmt":"2025-06-10T13:58:18","slug":"confirma-sheinbaum-que-acudira-a-cumbre-del-g7-en-canada","status":"publish","type":"post","link":"https:\/\/elinformante.mx\/?p=85511","title":{"rendered":"CONFIRMA SHEINBAUM QUE ACUDIR\u00c1 A CUMBRE DEL G7 EN CANAD\u00c1"},"content":{"rendered":"\n<figure class=\"wp-block-pullquote\"><blockquote><p>La presidenta busca fortalecer las relaciones diplom\u00e1ticas y econ\u00f3micas con los pa\u00edses m\u00e1s industrializados del mundo<\/p><\/blockquote><\/figure>\n\n\n\n<p class=\"has-drop-cap\">La presidenta Claudia Sheinbaum anunci\u00f3 que acudir\u00e1 a la Cumbre del G7, a realizarse los d\u00edas 16 y 17 de junio, en Canad\u00e1, pero a\u00fan no ha definido si solo estar\u00e1 un d\u00eda o ambos.<br><\/p>\n\n\n\n<p>\u201cS\u00ed, ya decid\u00ed que s\u00ed voy a ir al G7. S\u00ed, bueno, me informa el canciller cu\u00e1ndo son las reuniones bilaterales. El 16 en la tarde son reuniones bilaterales y el 17 es la asamblea, la reuni\u00f3n, explic\u00f3.<br><\/p>\n\n\n\n<figure class=\"wp-block-image size-large\"><img fetchpriority=\"high\" decoding=\"async\" width=\"1024\" height=\"506\" src=\"https:\/\/elinformante.mx\/wp-content\/uploads\/2025\/06\/9confirma-2-1024x506.jpg\" alt=\"\" class=\"wp-image-85513\" srcset=\"https:\/\/elinformante.mx\/wp-content\/uploads\/2025\/06\/9confirma-2-1024x506.jpg 1024w, https:\/\/elinformante.mx\/wp-content\/uploads\/2025\/06\/9confirma-2-300x148.jpg 300w, https:\/\/elinformante.mx\/wp-content\/uploads\/2025\/06\/9confirma-2-768x379.jpg 768w, https:\/\/elinformante.mx\/wp-content\/uploads\/2025\/06\/9confirma-2.jpg 1140w\" sizes=\"(max-width: 1024px) 100vw, 1024px\" \/><\/figure>\n\n\n\n<p>La presidenta adelant\u00f3 que es muy probable que sostenga una reuni\u00f3n bilateral con el presidente de Estados Unidos, Donald Trump.<br><\/p>\n\n\n\n<p>Tambi\u00e9n se\u00f1al\u00f3 que el canciller Juan Ram\u00f3n de la Fuente es el encargado de agendar las reuniones bilaterales.<br><\/p>\n\n\n\n<figure class=\"wp-block-image size-large\"><img decoding=\"async\" width=\"1024\" height=\"506\" src=\"https:\/\/elinformante.mx\/wp-content\/uploads\/2025\/06\/9confirma-3-1024x506.jpg\" alt=\"\" class=\"wp-image-85514\" srcset=\"https:\/\/elinformante.mx\/wp-content\/uploads\/2025\/06\/9confirma-3-1024x506.jpg 1024w, https:\/\/elinformante.mx\/wp-content\/uploads\/2025\/06\/9confirma-3-300x148.jpg 300w, https:\/\/elinformante.mx\/wp-content\/uploads\/2025\/06\/9confirma-3-768x379.jpg 768w, https:\/\/elinformante.mx\/wp-content\/uploads\/2025\/06\/9confirma-3.jpg 1140w\" sizes=\"(max-width: 1024px) 100vw, 1024px\" \/><\/figure>\n\n\n\n<p>Sheinbaum detall\u00f3 que tendr\u00e1 encuentros con otros l\u00edderes, incluido el primer ministro canadiense, Mark Carney.<br><\/p>\n\n\n\n<p>Tambi\u00e9n inform\u00f3 que viajar\u00e1 en avi\u00f3n comercial, al no existir un vuelo directo desde M\u00e9xico hacia la ciudad sede del G7.<br><\/p>\n\n\n\n<figure class=\"wp-block-image size-large\"><img decoding=\"async\" width=\"1024\" height=\"506\" src=\"https:\/\/elinformante.mx\/wp-content\/uploads\/2025\/06\/9confirma-4-1024x506.jpg\" alt=\"\" class=\"wp-image-85515\" srcset=\"https:\/\/elinformante.mx\/wp-content\/uploads\/2025\/06\/9confirma-4-1024x506.jpg 1024w, https:\/\/elinformante.mx\/wp-content\/uploads\/2025\/06\/9confirma-4-300x148.jpg 300w, https:\/\/elinformante.mx\/wp-content\/uploads\/2025\/06\/9confirma-4-768x379.jpg 768w, https:\/\/elinformante.mx\/wp-content\/uploads\/2025\/06\/9confirma-4.jpg 1140w\" sizes=\"(max-width: 1024px) 100vw, 1024px\" \/><\/figure>\n\n\n\n<p>Con esta visita, la presidenta busca fortalecer las relaciones diplom\u00e1ticas y econ\u00f3micas con los pa\u00edses m\u00e1s industrializados del mundo, en lo que ser\u00e1 su primera participaci\u00f3n en un foro internacional de alto nivel desde que asumi\u00f3 el cargo.<br><\/p>\n\n\n\n<p>Esta posible reuni\u00f3n con Trump ha generado muchas expectativas, debido al historial complejo entre ambos pa\u00edses durante el segundo mandato del republicano, marcado por la recientemente crisis social que atraviesa Los \u00c1ngeles, California, luego de redadas masivas ejecutadas por el Servicio de Control de Inmigraci\u00f3n y Aduanas (ICE) que fueron auspiciadas por la Casa Blanca.<br><\/p>\n\n\n\n<figure class=\"wp-block-image size-large\"><img loading=\"lazy\" decoding=\"async\" width=\"1024\" height=\"506\" src=\"https:\/\/elinformante.mx\/wp-content\/uploads\/2025\/06\/9confirma-1024x506.jpg\" alt=\"\" class=\"wp-image-85516\" srcset=\"https:\/\/elinformante.mx\/wp-content\/uploads\/2025\/06\/9confirma-1024x506.jpg 1024w, https:\/\/elinformante.mx\/wp-content\/uploads\/2025\/06\/9confirma-300x148.jpg 300w, https:\/\/elinformante.mx\/wp-content\/uploads\/2025\/06\/9confirma-768x379.jpg 768w, https:\/\/elinformante.mx\/wp-content\/uploads\/2025\/06\/9confirma.jpg 1140w\" sizes=\"(max-width: 1024px) 100vw, 1024px\" \/><\/figure>\n\n\n\n<p>Al confirmar su asistencia al G7, Claudia Sheinbaum reiter\u00f3 su compromiso con una pol\u00edtica exterior de di\u00e1logo y respeto mutuo. Su presencia en la cumbre marcar\u00e1 un momento clave para el posicionamiento de M\u00e9xico ante la comunidad internacional bajo su gobierno.<br><\/p>\n\n\n\n<p>The Globe and Mail, report\u00f3 que el presidente del Consejo Empresarial de Canad\u00e1, Goldy Hyder, expres\u00f3 que la participaci\u00f3n de Sheinbaum Prado es importante debido a su efectiva gesti\u00f3n y la colaboraci\u00f3n que ha mantenido con la administraci\u00f3n de Donald Trump.<\/p>\n","protected":false},"excerpt":{"rendered":"<p>La presidenta busca fortalecer las relaciones diplom\u00e1ticas y econ\u00f3micas con los pa\u00edses m\u00e1s industrializados del mundo La presidenta Claudia Sheinbaum anunci\u00f3 que acudir\u00e1 a la Cumbre del G7, a realizarse los d\u00edas 16 y 17 de junio, en Canad\u00e1, pero a\u00fan no ha definido si solo estar\u00e1 un d\u00eda o ambos. \u201cS\u00ed, ya decid\u00ed que [&hellip;]<\/p>\n","protected":false},"author":1,"featured_media":85512,"comment_status":"closed","ping_status":"closed","sticky":false,"template":"","format":"standard","meta":{"footnotes":""},"categories":[30,34,31],"tags":[47],"class_list":["post-85511","post","type-post","status-publish","format-standard","has-post-thumbnail","hentry","category-destacado","category-nacional","category-portada","tag-portadanacional"],"_links":{"self":[{"href":"https:\/\/elinformante.mx\/index.php?rest_route=\/wp\/v2\/posts\/85511","targetHints":{"allow":["GET"]}}],"collection":[{"href":"https:\/\/elinformante.mx\/index.php?rest_route=\/wp\/v2\/posts"}],"about":[{"href":"https:\/\/elinformante.mx\/index.php?rest_route=\/wp\/v2\/types\/post"}],"author":[{"embeddable":true,"href":"https:\/\/elinformante.mx\/index.php?rest_route=\/wp\/v2\/users\/1"}],"replies":[{"embeddable":true,"href":"https:\/\/elinformante.mx\/index.php?rest_route=%2Fwp%2Fv2%2Fcomments&post=85511"}],"version-history":[{"count":0,"href":"https:\/\/elinformante.mx\/index.php?rest_route=\/wp\/v2\/posts\/85511\/revisions"}],"wp:featuredmedia":[{"embeddable":true,"href":"https:\/\/elinformante.mx\/index.php?rest_route=\/wp\/v2\/media\/85512"}],"wp:attachment":[{"href":"https:\/\/elinformante.mx\/index.php?rest_route=%2Fwp%2Fv2%2Fmedia&parent=85511"}],"wp:term":[{"taxonomy":"category","embeddable":true,"href":"https:\/\/elinformante.mx\/index.php?rest_route=%2Fwp%2Fv2%2Fcategories&post=85511"},{"taxonomy":"post_tag","embeddable":true,"href":"https:\/\/elinformante.mx\/index.php?rest_route=%2Fwp%2Fv2%2Ftags&post=85511"}],"curies":[{"name":"wp","href":"https:\/\/api.w.org\/{rel}","templated":true}]}}