{"id":85754,"date":"2025-06-13T05:47:47","date_gmt":"2025-06-13T11:47:47","guid":{"rendered":"https:\/\/elinformante.mx\/?p=85754"},"modified":"2025-06-13T05:47:49","modified_gmt":"2025-06-13T11:47:49","slug":"elementos-de-ssem-detuvieron-a-rafael-n-por-el-delito-de-allanamiento-de-morada","status":"publish","type":"post","link":"https:\/\/elinformante.mx\/?p=85754","title":{"rendered":"Elementos de SSEM detuvieron a Rafael \u201cN\u201d por el delito de allanamiento de morada"},"content":{"rendered":"\n<figure class=\"wp-block-pullquote\"><blockquote><p>-El detenido, de nacionalidad extranjera, fue puesto a disposici\u00f3n de la Agencia del Ministerio P\u00fablico con sede en el municipio de Lerma.<\/p><\/blockquote><\/figure>\n\n\n\n<p class=\"has-drop-cap\">Elementos de la Secretar\u00eda de Seguridad del Estado de M\u00e9xico (SSEM), detuvieron a un probable implicado en el delito de allanamiento de morada.<br><\/p>\n\n\n\n<p>Tras un llamado al 9-1-1, personal del C5 de la SSEM, recibi\u00f3 informaci\u00f3n que un sujeto en estado agresivo, posiblemente ingres\u00f3 sin autorizaci\u00f3n a un domicilio en la colonia \u00c1lvaro Obreg\u00f3n. De manera inmediata, personal del C5 avis\u00f3 a uniformados en campo.<br><\/p>\n\n\n\n<p>Polic\u00edas estatales hicieron presencia en el lugar y contacto con la denunciante, quien reiter\u00f3 que el sujeto ingres\u00f3 al predio al forzar la cerradura, por lo que las fuerzas del orden, con autorizaci\u00f3n de la propietaria entraron y detuvieron a un individuo.<br><\/p>\n\n\n\n<p>A petici\u00f3n de la v\u00edctima, tras informar el constitutivo del il\u00edcito, as\u00ed como los derechos que la ley consagra a su favor, los oficiales detuvieron a Rafael \u201cN\u201d de 32 a\u00f1os de edad, de nacionalidad extranjera, que fue presentado ante la Agencia del Ministerio P\u00fablico con sede en el municipio de Lerma, donde se inici\u00f3 la carpeta de investigaci\u00f3n a fin de determinar su situaci\u00f3n jur\u00eddica.<\/p>\n","protected":false},"excerpt":{"rendered":"<p>-El detenido, de nacionalidad extranjera, fue puesto a disposici\u00f3n de la Agencia del Ministerio P\u00fablico con sede en el municipio de Lerma. Elementos de la Secretar\u00eda de Seguridad del Estado de M\u00e9xico (SSEM), detuvieron a un probable implicado en el delito de allanamiento de morada. Tras un llamado al 9-1-1, personal del C5 de la [&hellip;]<\/p>\n","protected":false},"author":1,"featured_media":85755,"comment_status":"closed","ping_status":"closed","sticky":false,"template":"","format":"standard","meta":{"footnotes":""},"categories":[36,37],"tags":[],"class_list":["post-85754","post","type-post","status-publish","format-standard","has-post-thumbnail","hentry","category-edomex","category-justicia"],"_links":{"self":[{"href":"https:\/\/elinformante.mx\/index.php?rest_route=\/wp\/v2\/posts\/85754","targetHints":{"allow":["GET"]}}],"collection":[{"href":"https:\/\/elinformante.mx\/index.php?rest_route=\/wp\/v2\/posts"}],"about":[{"href":"https:\/\/elinformante.mx\/index.php?rest_route=\/wp\/v2\/types\/post"}],"author":[{"embeddable":true,"href":"https:\/\/elinformante.mx\/index.php?rest_route=\/wp\/v2\/users\/1"}],"replies":[{"embeddable":true,"href":"https:\/\/elinformante.mx\/index.php?rest_route=%2Fwp%2Fv2%2Fcomments&post=85754"}],"version-history":[{"count":0,"href":"https:\/\/elinformante.mx\/index.php?rest_route=\/wp\/v2\/posts\/85754\/revisions"}],"wp:featuredmedia":[{"embeddable":true,"href":"https:\/\/elinformante.mx\/index.php?rest_route=\/wp\/v2\/media\/85755"}],"wp:attachment":[{"href":"https:\/\/elinformante.mx\/index.php?rest_route=%2Fwp%2Fv2%2Fmedia&parent=85754"}],"wp:term":[{"taxonomy":"category","embeddable":true,"href":"https:\/\/elinformante.mx\/index.php?rest_route=%2Fwp%2Fv2%2Fcategories&post=85754"},{"taxonomy":"post_tag","embeddable":true,"href":"https:\/\/elinformante.mx\/index.php?rest_route=%2Fwp%2Fv2%2Ftags&post=85754"}],"curies":[{"name":"wp","href":"https:\/\/api.w.org\/{rel}","templated":true}]}}