{"id":85843,"date":"2025-06-16T05:57:12","date_gmt":"2025-06-16T11:57:12","guid":{"rendered":"https:\/\/elinformante.mx\/?p=85843"},"modified":"2025-06-16T05:57:13","modified_gmt":"2025-06-16T11:57:13","slug":"cancela-santa-fe-klan-toda-su-gira-por-estados-unidos-en-apoyo-a-los-migrantes","status":"publish","type":"post","link":"https:\/\/elinformante.mx\/?p=85843","title":{"rendered":"Cancela Santa Fe Klan toda su gira por Estados Unidos en apoyo a los migrantes"},"content":{"rendered":"\n<figure class=\"wp-block-pullquote\"><blockquote><p>La decisi\u00f3n de Santa Fe Klan refleja una postura consciente y un gesto de apoyo hacia sus seguidores en momentos complejos.<\/p><\/blockquote><\/figure>\n\n\n\n<p class=\"has-drop-cap\">Santa Fe Klan, reconocido rapero mexicano, anunci\u00f3 a trav\u00e9s de sus redes sociales la decisi\u00f3n de posponer su pr\u00f3xima gira por Estados Unidos.<br><\/p>\n\n\n\n<p>Mediante un mensaje que resuena con empat\u00eda hacia sus seguidores, el artista expres\u00f3 su preocupaci\u00f3n por la situaci\u00f3n actual y opt\u00f3 por priorizar el bienestar de su p\u00fablico.<br><\/p>\n\n\n\n<p>Se\u00f1al\u00f3 que cree que es mejor darle tiempo al tiempo, por lo que ha pensado en mover su gira en EU para m\u00e1s adelante cuando las cosas est\u00e9n mejor, escribi\u00f3 en su comunicado.<br><\/p>\n\n\n\n<p>Esta determinaci\u00f3n surge de la observaci\u00f3n del propio m\u00fasico sobre las dificultades que atraviesan sus fans. El rapero originario de Guanajuato no ocult\u00f3 su pesar por esta medida, pero su mensaje estuvo cargado de solidaridad:<br><\/p>\n\n\n\n<p>\u201cMe duele mucho ver a mi raza pas\u00e1ndola mal, \u00e1nimo, no se ag\u00fciten. Le mando un abrazo a toda mi raza latinoamericana. Viva M\u00e9xico\u201d.<br><\/p>\n\n\n\n<p>Aunque no especific\u00f3 qu\u00e9 son esas cosas, se puede inferir que hace alusi\u00f3n a las diversas problem\u00e1ticas sociales y econ\u00f3micas que podr\u00edan estar afectando a su audiencia, tanto en Estados Unidos como en Latinoam\u00e9rica.<br><\/p>\n\n\n\n<p>La decisi\u00f3n de Santa Fe Klan refleja una postura consciente y un gesto de apoyo hacia sus seguidores en momentos complejos.<br><\/p>\n\n\n\n<p>Se espera que en los pr\u00f3ximos d\u00edas o semanas el equipo del artista brinde m\u00e1s detalles sobre las nuevas fechas de la gira una vez que las condiciones sean m\u00e1s favorables. Aunque se dio a conocer en diversos medios que probablemente ya no ten\u00eda Visa, esto fue desmentido con dicho comunicado.<\/p>\n","protected":false},"excerpt":{"rendered":"<p>La decisi\u00f3n de Santa Fe Klan refleja una postura consciente y un gesto de apoyo hacia sus seguidores en momentos complejos. Santa Fe Klan, reconocido rapero mexicano, anunci\u00f3 a trav\u00e9s de sus redes sociales la decisi\u00f3n de posponer su pr\u00f3xima gira por Estados Unidos. Mediante un mensaje que resuena con empat\u00eda hacia sus seguidores, el [&hellip;]<\/p>\n","protected":false},"author":1,"featured_media":85844,"comment_status":"closed","ping_status":"closed","sticky":false,"template":"","format":"standard","meta":{"footnotes":""},"categories":[39],"tags":[],"class_list":["post-85843","post","type-post","status-publish","format-standard","has-post-thumbnail","hentry","category-espectaculos"],"_links":{"self":[{"href":"https:\/\/elinformante.mx\/index.php?rest_route=\/wp\/v2\/posts\/85843","targetHints":{"allow":["GET"]}}],"collection":[{"href":"https:\/\/elinformante.mx\/index.php?rest_route=\/wp\/v2\/posts"}],"about":[{"href":"https:\/\/elinformante.mx\/index.php?rest_route=\/wp\/v2\/types\/post"}],"author":[{"embeddable":true,"href":"https:\/\/elinformante.mx\/index.php?rest_route=\/wp\/v2\/users\/1"}],"replies":[{"embeddable":true,"href":"https:\/\/elinformante.mx\/index.php?rest_route=%2Fwp%2Fv2%2Fcomments&post=85843"}],"version-history":[{"count":0,"href":"https:\/\/elinformante.mx\/index.php?rest_route=\/wp\/v2\/posts\/85843\/revisions"}],"wp:featuredmedia":[{"embeddable":true,"href":"https:\/\/elinformante.mx\/index.php?rest_route=\/wp\/v2\/media\/85844"}],"wp:attachment":[{"href":"https:\/\/elinformante.mx\/index.php?rest_route=%2Fwp%2Fv2%2Fmedia&parent=85843"}],"wp:term":[{"taxonomy":"category","embeddable":true,"href":"https:\/\/elinformante.mx\/index.php?rest_route=%2Fwp%2Fv2%2Fcategories&post=85843"},{"taxonomy":"post_tag","embeddable":true,"href":"https:\/\/elinformante.mx\/index.php?rest_route=%2Fwp%2Fv2%2Ftags&post=85843"}],"curies":[{"name":"wp","href":"https:\/\/api.w.org\/{rel}","templated":true}]}}