{"id":85853,"date":"2025-06-16T06:03:08","date_gmt":"2025-06-16T12:03:08","guid":{"rendered":"https:\/\/elinformante.mx\/?p=85853"},"modified":"2025-06-16T06:03:11","modified_gmt":"2025-06-16T12:03:11","slug":"george-russell-gana-el-gran-premio-de-canada","status":"publish","type":"post","link":"https:\/\/elinformante.mx\/?p=85853","title":{"rendered":"George Russell gana el Gran Premio de Canad\u00e1"},"content":{"rendered":"\n<figure class=\"wp-block-pullquote\"><blockquote><p>Se\u00f1al\u00f3 que se sent\u00eda incre\u00edble de estar de vuelta en lo m\u00e1s alto del podio.<\/p><\/blockquote><\/figure>\n\n\n\n<p class=\"has-drop-cap\">George Russell gan\u00f3 su primera carrera de la temporada de F\u00f3rmula 1 al mantener a raya en el Gran Premio de Canad\u00e1 al actual campe\u00f3n, Max Verstappen.<br><\/p>\n\n\n\n<p>Esta es la cuarta victoria de Russell, que finaliz\u00f3 la carrera bajo bandera amarilla despu\u00e9s de que los compa\u00f1eros de equipo de McLaren, Oscar Piastri y Lando Norris protagonizaron una batalla rueda a rueda que termin\u00f3 con Norris impact\u00e1ndose contra el muro.<br><\/p>\n\n\n\n<p>Russell se\u00f1al\u00f3 que se sent\u00eda incre\u00edble de estar de vuelta en lo m\u00e1s alto del podio. \u201cSent\u00ed que el a\u00f1o pasado fue una victoria perdida. Obtener el triunfo y ver a mi compa\u00f1ero de equipo Kimi Antonelli en el podio tambi\u00e9n es un d\u00eda incre\u00edble para el equipo. Creo que muestra la fortaleza de nuestros coches en condiciones m\u00e1s fr\u00edas, as\u00ed que veamos en las pr\u00f3ximas carreras\u201d.<br><\/p>\n\n\n\n<p>Russell comenz\u00f3 desde la pole por segundo a\u00f1o consecutivo en Montreal y mantuvo la ventaja durante la mayor parte de la carrera en el Circuito Gilles Villeneuve. El piloto brit\u00e1nico se convirti\u00f3 en el cuarto ganador de una carrera este a\u00f1o, uni\u00e9ndose al l\u00edder en puntos Piastri, Norris y el cuatro veces campe\u00f3n Verstappen.<br><\/p>\n\n\n\n<p>Verstappen, que tiene una carrera m\u00e1s antes de que se le descuenten puntos de su licencia y se elimine la posibilidad de una suspensi\u00f3n de una carrera, se mostr\u00f3 satisfecho con su segundo lugar.<br><\/p>\n\n\n\n<figure class=\"wp-block-image size-large\"><img fetchpriority=\"high\" decoding=\"async\" width=\"1024\" height=\"506\" src=\"https:\/\/elinformante.mx\/wp-content\/uploads\/2025\/06\/14george-1024x506.jpg\" alt=\"\" class=\"wp-image-85855\" srcset=\"https:\/\/elinformante.mx\/wp-content\/uploads\/2025\/06\/14george-1024x506.jpg 1024w, https:\/\/elinformante.mx\/wp-content\/uploads\/2025\/06\/14george-300x148.jpg 300w, https:\/\/elinformante.mx\/wp-content\/uploads\/2025\/06\/14george-768x379.jpg 768w, https:\/\/elinformante.mx\/wp-content\/uploads\/2025\/06\/14george.jpg 1140w\" sizes=\"(max-width: 1024px) 100vw, 1024px\" \/><\/figure>\n\n\n\n<p>El novato de Mercedes, Antonelli, termin\u00f3 tercero detr\u00e1s de Verstappen, logrando su primer podio en la F1.<br><\/p>\n\n\n\n<p>Los dos McLaren chocaron cuando Norris, entonces en quinto lugar, intent\u00f3 pasar a Piastri varias veces en la vuelta 67 de 70. Finalmente, Norris choc\u00f3 con Piastri y rebot\u00f3 contra el muro, lo que provoc\u00f3 la salida del coche de seguridad para las \u00faltimas vueltas.<br><\/p>\n\n\n\n<p>Piastri termin\u00f3 cuarto, poniendo fin a una racha de ocho podios consecutivos que se remontaba a la segunda carrera de la temporada. McLaren, como equipo, no logr\u00f3 alcanzar los tres primeros por primera vez este a\u00f1o.<br><\/p>\n\n\n\n<p>Piastri lleg\u00f3 a Montreal \u2014la d\u00e9cima de 24 paradas esta temporada\u2014 con una ventaja de 10 puntos sobre Norris en medio de una temporada dominante para la escuder\u00eda.<br><\/p>\n\n\n\n<p>El piloto australiano ampli\u00f3 su ventaja a 22 puntos sobre su compa\u00f1ero brit\u00e1nico. Verstappen, clasificado tercero en el campeonato de pilotos, ahora est\u00e1 a 21 unidades de Norris.<br><\/p>\n\n\n\n<p>Los pilotos de Ferrari, Charles Leclerc y Lewis Hamilton, fueron quinto y sexto. Fernando Alonso de Aston Martin, Nico Hulkenberg de Sauber, Esteban Ocon de Haas y Carlos Sainz Jr. de Williams completaron los diez primeros.<\/p>\n","protected":false},"excerpt":{"rendered":"<p>Se\u00f1al\u00f3 que se sent\u00eda incre\u00edble de estar de vuelta en lo m\u00e1s alto del podio. George Russell gan\u00f3 su primera carrera de la temporada de F\u00f3rmula 1 al mantener a raya en el Gran Premio de Canad\u00e1 al actual campe\u00f3n, Max Verstappen. Esta es la cuarta victoria de Russell, que finaliz\u00f3 la carrera bajo bandera [&hellip;]<\/p>\n","protected":false},"author":1,"featured_media":85854,"comment_status":"closed","ping_status":"closed","sticky":false,"template":"","format":"standard","meta":{"footnotes":""},"categories":[38,30],"tags":[],"class_list":["post-85853","post","type-post","status-publish","format-standard","has-post-thumbnail","hentry","category-deportes","category-destacado"],"_links":{"self":[{"href":"https:\/\/elinformante.mx\/index.php?rest_route=\/wp\/v2\/posts\/85853","targetHints":{"allow":["GET"]}}],"collection":[{"href":"https:\/\/elinformante.mx\/index.php?rest_route=\/wp\/v2\/posts"}],"about":[{"href":"https:\/\/elinformante.mx\/index.php?rest_route=\/wp\/v2\/types\/post"}],"author":[{"embeddable":true,"href":"https:\/\/elinformante.mx\/index.php?rest_route=\/wp\/v2\/users\/1"}],"replies":[{"embeddable":true,"href":"https:\/\/elinformante.mx\/index.php?rest_route=%2Fwp%2Fv2%2Fcomments&post=85853"}],"version-history":[{"count":0,"href":"https:\/\/elinformante.mx\/index.php?rest_route=\/wp\/v2\/posts\/85853\/revisions"}],"wp:featuredmedia":[{"embeddable":true,"href":"https:\/\/elinformante.mx\/index.php?rest_route=\/wp\/v2\/media\/85854"}],"wp:attachment":[{"href":"https:\/\/elinformante.mx\/index.php?rest_route=%2Fwp%2Fv2%2Fmedia&parent=85853"}],"wp:term":[{"taxonomy":"category","embeddable":true,"href":"https:\/\/elinformante.mx\/index.php?rest_route=%2Fwp%2Fv2%2Fcategories&post=85853"},{"taxonomy":"post_tag","embeddable":true,"href":"https:\/\/elinformante.mx\/index.php?rest_route=%2Fwp%2Fv2%2Ftags&post=85853"}],"curies":[{"name":"wp","href":"https:\/\/api.w.org\/{rel}","templated":true}]}}