{"id":85864,"date":"2025-06-16T06:18:33","date_gmt":"2025-06-16T12:18:33","guid":{"rendered":"https:\/\/elinformante.mx\/?p=85864"},"modified":"2025-06-16T06:18:37","modified_gmt":"2025-06-16T12:18:37","slug":"en-almoloya-de-juarez-las-comunidades-indigenas-no-estan-solas-adolfo-solis","status":"publish","type":"post","link":"https:\/\/elinformante.mx\/?p=85864","title":{"rendered":"\u201cEn Almoloya de Ju\u00e1rez las comunidades ind\u00edgenas no est\u00e1n solas\u201d: Adolfo Sol\u00eds"},"content":{"rendered":"\n<figure class=\"wp-block-pullquote\"><blockquote><p>El gobierno municipal de Almoloya de Ju\u00e1rez, encabezado por Adolfo Sol\u00eds reiter\u00f3 su compromiso con las comunidades ind\u00edgenas.<\/p><\/blockquote><\/figure>\n\n\n\n<p class=\"has-drop-cap\">As\u00ed lo reiter\u00f3 Sol\u00eds al nombrar a Juan Arturo Mercado Reyes como Coordinador de Pueblos Ind\u00edgenas, cuyo cargo coadyuvar\u00e1 con la Direcci\u00f3n del Campo, Bienestar y Pueblos Originarios.<br><\/p>\n\n\n\n<p>Se\u00f1al\u00f3 que se trabajar\u00e1 de cerca para fortalecer el trabajo en territorio y acercar m\u00e1s apoyos a nuestras comunidades ind\u00edgenas, especialmente a las y los productores que preservan nuestras ra\u00edces y tradiciones.<br><\/p>\n\n\n\n<figure class=\"wp-block-image size-large\"><img fetchpriority=\"high\" decoding=\"async\" width=\"1024\" height=\"506\" src=\"https:\/\/elinformante.mx\/wp-content\/uploads\/2025\/06\/13almo-1024x506.jpg\" alt=\"\" class=\"wp-image-85866\" srcset=\"https:\/\/elinformante.mx\/wp-content\/uploads\/2025\/06\/13almo-1024x506.jpg 1024w, https:\/\/elinformante.mx\/wp-content\/uploads\/2025\/06\/13almo-300x148.jpg 300w, https:\/\/elinformante.mx\/wp-content\/uploads\/2025\/06\/13almo-768x379.jpg 768w, https:\/\/elinformante.mx\/wp-content\/uploads\/2025\/06\/13almo.jpg 1140w\" sizes=\"(max-width: 1024px) 100vw, 1024px\" \/><\/figure>\n\n\n\n<p>Sol\u00eds se\u00f1al\u00f3 que se mostr\u00f3 muy feliz de poder saludar a los representantes de algunos pueblos originaros que se dieron cita en el nombramiento y con quienes comparti\u00f3 que la tecnificaci\u00f3n del campo en Almoloya de Ju\u00e1rez ser\u00e1 una realidad.<br><\/p>\n\n\n\n<p>Y reiter\u00f3 que su gobierno seguir\u00e1 trabajando de manera firme, para poder atender y ayudar a los pueblos m\u00e1s abandonados del municipio, los pueblos originarios; reiterando que no se encuentran solos, ahora est\u00e1n respaldados por su gobierno.<\/p>\n","protected":false},"excerpt":{"rendered":"<p>El gobierno municipal de Almoloya de Ju\u00e1rez, encabezado por Adolfo Sol\u00eds reiter\u00f3 su compromiso con las comunidades ind\u00edgenas. As\u00ed lo reiter\u00f3 Sol\u00eds al nombrar a Juan Arturo Mercado Reyes como Coordinador de Pueblos Ind\u00edgenas, cuyo cargo coadyuvar\u00e1 con la Direcci\u00f3n del Campo, Bienestar y Pueblos Originarios. Se\u00f1al\u00f3 que se trabajar\u00e1 de cerca para fortalecer el [&hellip;]<\/p>\n","protected":false},"author":1,"featured_media":85865,"comment_status":"closed","ping_status":"closed","sticky":false,"template":"","format":"standard","meta":{"footnotes":""},"categories":[30,36],"tags":[],"class_list":["post-85864","post","type-post","status-publish","format-standard","has-post-thumbnail","hentry","category-destacado","category-edomex"],"_links":{"self":[{"href":"https:\/\/elinformante.mx\/index.php?rest_route=\/wp\/v2\/posts\/85864","targetHints":{"allow":["GET"]}}],"collection":[{"href":"https:\/\/elinformante.mx\/index.php?rest_route=\/wp\/v2\/posts"}],"about":[{"href":"https:\/\/elinformante.mx\/index.php?rest_route=\/wp\/v2\/types\/post"}],"author":[{"embeddable":true,"href":"https:\/\/elinformante.mx\/index.php?rest_route=\/wp\/v2\/users\/1"}],"replies":[{"embeddable":true,"href":"https:\/\/elinformante.mx\/index.php?rest_route=%2Fwp%2Fv2%2Fcomments&post=85864"}],"version-history":[{"count":0,"href":"https:\/\/elinformante.mx\/index.php?rest_route=\/wp\/v2\/posts\/85864\/revisions"}],"wp:featuredmedia":[{"embeddable":true,"href":"https:\/\/elinformante.mx\/index.php?rest_route=\/wp\/v2\/media\/85865"}],"wp:attachment":[{"href":"https:\/\/elinformante.mx\/index.php?rest_route=%2Fwp%2Fv2%2Fmedia&parent=85864"}],"wp:term":[{"taxonomy":"category","embeddable":true,"href":"https:\/\/elinformante.mx\/index.php?rest_route=%2Fwp%2Fv2%2Fcategories&post=85864"},{"taxonomy":"post_tag","embeddable":true,"href":"https:\/\/elinformante.mx\/index.php?rest_route=%2Fwp%2Fv2%2Ftags&post=85864"}],"curies":[{"name":"wp","href":"https:\/\/api.w.org\/{rel}","templated":true}]}}