{"id":85868,"date":"2025-06-16T06:21:46","date_gmt":"2025-06-16T12:21:46","guid":{"rendered":"https:\/\/elinformante.mx\/?p=85868"},"modified":"2025-06-16T06:21:47","modified_gmt":"2025-06-16T12:21:47","slug":"realiza-fernando-flores-el-programa-presidente-en-tu-calle-en-izcalli-cuauhtemoc-v","status":"publish","type":"post","link":"https:\/\/elinformante.mx\/?p=85868","title":{"rendered":"Realiza Fernando Flores el programa \u201cPresidente en tu Calle\u201d en Izcalli Cuauht\u00e9moc V"},"content":{"rendered":"\n<figure class=\"wp-block-pullquote\"><blockquote><p>Indic\u00f3 que el programa es un compromiso permanente con la ciudadan\u00eda.<\/p><\/blockquote><\/figure>\n\n\n\n<p class=\"has-drop-cap\">En el municipio de Metepec, el presidente Fernando Flores Fern\u00e1ndez llev\u00f3 el programa integral de atenci\u00f3n vecinal \u201cPresidente en tu Calle\u201d a Izcalli Cuauht\u00e9moc V; para continuar con el trabajo al que se comprometi\u00f3 durante su campa\u00f1a.<br><\/p>\n\n\n\n<p>Fue la colonia Izcalli Cuauht\u00e9moc V donde se instal\u00f3 en un espacio de concurrencia social, atr\u00e1s del Mercado Jos\u00e9 Rico \u00c1vila, ah\u00ed, platic\u00f3, se tom\u00f3 fotos con los vecinos, adem\u00e1s de escucharlos y atender ah\u00ed mismo las necesidades vecinales.<br><\/p>\n\n\n\n<p>Reafirm\u00f3 que este programa tiene como objetivo que \u00e9l, como presidente, salga de la oficina, camine por las colonias, mire los problemas en primera persona, brinde soluciones; con esto se podr\u00e1 seguir construyendo un Metepec m\u00e1s ordenado, limpio y seguro.<br><\/p>\n\n\n\n<p>Agradeci\u00f3 a los vecinos que se reunieron, se\u00f1al\u00f3 que su confianza es algo que le da m\u00e1s fuerza para trabajar junto con su cabildo, para lograr brindarles las soluciones que necesitan.<br><\/p>\n\n\n\n<figure class=\"wp-block-image size-large\"><img fetchpriority=\"high\" decoding=\"async\" width=\"1024\" height=\"506\" src=\"https:\/\/elinformante.mx\/wp-content\/uploads\/2025\/06\/12METEPEC-2-1-1024x506.jpg\" alt=\"\" class=\"wp-image-85870\" srcset=\"https:\/\/elinformante.mx\/wp-content\/uploads\/2025\/06\/12METEPEC-2-1-1024x506.jpg 1024w, https:\/\/elinformante.mx\/wp-content\/uploads\/2025\/06\/12METEPEC-2-1-300x148.jpg 300w, https:\/\/elinformante.mx\/wp-content\/uploads\/2025\/06\/12METEPEC-2-1-768x379.jpg 768w, https:\/\/elinformante.mx\/wp-content\/uploads\/2025\/06\/12METEPEC-2-1.jpg 1140w\" sizes=\"(max-width: 1024px) 100vw, 1024px\" \/><\/figure>\n\n\n\n<p>Les record\u00f3 que seguir\u00e1 con las visitas en las 52 delegaciones de la demarcaci\u00f3n, en donde participar\u00e1n el total de las dependencias del municipio, incluyendo organismos descentralizados, en un ejercicio transparente y de cercan\u00eda.<br><\/p>\n\n\n\n<p>Estas reuniones se llevar\u00e1n a cabo cada 15 d\u00edas, en d\u00edas s\u00e1bado, a fin de que mayor n\u00famero de habitantes puedan acceder a servicios y beneficios en la propia comunidad.<br><\/p>\n\n\n\n<p>En estas jornadas se otorgan descuentos en agua y predial, asesor\u00edas, atenci\u00f3n m\u00e9dica y odontol\u00f3gica, pl\u00e1ticas, solicitud de servicios como recolecci\u00f3n de basura o bacheo, por mencionar algunos, alumbrado p\u00fablico, regularizaci\u00f3n del comercio, as\u00ed como todos aquellos que disponen las \u00e1reas del ayuntamiento.<br><\/p>\n\n\n\n<p>Flores Fern\u00e1ndez indic\u00f3 que el programa \u201cPresidente en tu Calle\u201d es un compromiso permanente con la ciudadan\u00eda, representa la vocaci\u00f3n y principios de la administraci\u00f3n de trabajar de la mano con la ciudadan\u00eda, y exhort\u00f3 a las vecinas y vecinos a aprovechar este esquema de trabajo que \u00fanicamente busca demostrar los beneficios del gobierno de los ciudadanos.<br><\/p>\n\n\n\n<p>Adem\u00e1s de recordarles que este programa es adicional al trabajo diario y permanente de atenci\u00f3n a los habitantes, pero potencia los alcances de una administraci\u00f3n p\u00fablica municipal comprometida y que est\u00e1 activa en todas las colonias, fraccionamientos y barrios que integran esta municipalidad.<\/p>\n","protected":false},"excerpt":{"rendered":"<p>Indic\u00f3 que el programa es un compromiso permanente con la ciudadan\u00eda. En el municipio de Metepec, el presidente Fernando Flores Fern\u00e1ndez llev\u00f3 el programa integral de atenci\u00f3n vecinal \u201cPresidente en tu Calle\u201d a Izcalli Cuauht\u00e9moc V; para continuar con el trabajo al que se comprometi\u00f3 durante su campa\u00f1a. Fue la colonia Izcalli Cuauht\u00e9moc V donde [&hellip;]<\/p>\n","protected":false},"author":1,"featured_media":85869,"comment_status":"closed","ping_status":"closed","sticky":false,"template":"","format":"standard","meta":{"footnotes":""},"categories":[36],"tags":[],"class_list":["post-85868","post","type-post","status-publish","format-standard","has-post-thumbnail","hentry","category-edomex"],"_links":{"self":[{"href":"https:\/\/elinformante.mx\/index.php?rest_route=\/wp\/v2\/posts\/85868","targetHints":{"allow":["GET"]}}],"collection":[{"href":"https:\/\/elinformante.mx\/index.php?rest_route=\/wp\/v2\/posts"}],"about":[{"href":"https:\/\/elinformante.mx\/index.php?rest_route=\/wp\/v2\/types\/post"}],"author":[{"embeddable":true,"href":"https:\/\/elinformante.mx\/index.php?rest_route=\/wp\/v2\/users\/1"}],"replies":[{"embeddable":true,"href":"https:\/\/elinformante.mx\/index.php?rest_route=%2Fwp%2Fv2%2Fcomments&post=85868"}],"version-history":[{"count":0,"href":"https:\/\/elinformante.mx\/index.php?rest_route=\/wp\/v2\/posts\/85868\/revisions"}],"wp:featuredmedia":[{"embeddable":true,"href":"https:\/\/elinformante.mx\/index.php?rest_route=\/wp\/v2\/media\/85869"}],"wp:attachment":[{"href":"https:\/\/elinformante.mx\/index.php?rest_route=%2Fwp%2Fv2%2Fmedia&parent=85868"}],"wp:term":[{"taxonomy":"category","embeddable":true,"href":"https:\/\/elinformante.mx\/index.php?rest_route=%2Fwp%2Fv2%2Fcategories&post=85868"},{"taxonomy":"post_tag","embeddable":true,"href":"https:\/\/elinformante.mx\/index.php?rest_route=%2Fwp%2Fv2%2Ftags&post=85868"}],"curies":[{"name":"wp","href":"https:\/\/api.w.org\/{rel}","templated":true}]}}