{"id":85876,"date":"2025-06-16T06:33:52","date_gmt":"2025-06-16T12:33:52","guid":{"rendered":"https:\/\/elinformante.mx\/?p=85876"},"modified":"2025-06-16T06:33:56","modified_gmt":"2025-06-16T12:33:56","slug":"inicia-en-toluca-el-festival-pinceles-cinceles-y-sabores","status":"publish","type":"post","link":"https:\/\/elinformante.mx\/?p=85876","title":{"rendered":"Inicia en Toluca el Festival Pinceles, Cinceles y Sabores"},"content":{"rendered":"\n<figure class=\"wp-block-pullquote\"><blockquote><p>Ricardo Moreno ha preparado muchas sorpresas, como la torta m\u00e1s grande del mundo, 20 pa\u00edses invitados, conferencias y conciertos<\/p><\/blockquote><\/figure>\n\n\n\n<p class=\"has-drop-cap\">Comenz\u00f3 con \u00e9xito en Toluca una gran fiesta gastron\u00f3mica y cultural con el Festival Pinceles, Cinceles y Sabores con sorpresas para toda la familia, 20 pa\u00edses invitados, conciertos, arte, conferencias y delicias para degustar.<br><\/p>\n\n\n\n<p>Tras realizar el corte de list\u00f3n, el alcalde Ricardo Moreno Bastida reiter\u00f3 el compromiso que tiene Toluca con el impulso de la cultura, con diversos festivales en estos primeros meses del a\u00f1o y, asegur\u00f3, que continuar\u00e1 con \u00edmpetu durante toda la administraci\u00f3n para dotar de espect\u00e1culos de calidad para toluque\u00f1os y visitantes.<br><\/p>\n\n\n\n<figure class=\"wp-block-image size-large\"><img fetchpriority=\"high\" decoding=\"async\" width=\"1024\" height=\"506\" src=\"https:\/\/elinformante.mx\/wp-content\/uploads\/2025\/06\/11toluca-5-1024x506.jpg\" alt=\"\" class=\"wp-image-85878\" srcset=\"https:\/\/elinformante.mx\/wp-content\/uploads\/2025\/06\/11toluca-5-1024x506.jpg 1024w, https:\/\/elinformante.mx\/wp-content\/uploads\/2025\/06\/11toluca-5-300x148.jpg 300w, https:\/\/elinformante.mx\/wp-content\/uploads\/2025\/06\/11toluca-5-768x379.jpg 768w, https:\/\/elinformante.mx\/wp-content\/uploads\/2025\/06\/11toluca-5.jpg 1140w\" sizes=\"(max-width: 1024px) 100vw, 1024px\" \/><\/figure>\n\n\n\n<p>Adem\u00e1s, Ricardo Moreno particip\u00f3 en la conferencia Historia de Timo, del reconocido artista internacional Rodrigo de la Sierra, ah\u00ed expres\u00f3 su admiraci\u00f3n al trabajo de este escultor, su voluntad por transmitir este conocimiento y los mensajes que ha podido plasmar con su obra mediante este personaje.<br><\/p>\n\n\n\n<p>Moreno Bastida invit\u00f3 a las familias a conocer la cultura, gastronom\u00eda y vestimenta de pa\u00edses como Irlanda, Francia, Espa\u00f1a, Hungr\u00eda, Jap\u00f3n, Rumania y Costa Rica, por mencionar algunas, que se ubicaron en la Plaza Fray Andr\u00e9s de Castro, adem\u00e1s de conocer bellos productos en el Mercado de Arte Local.<\/p>\n","protected":false},"excerpt":{"rendered":"<p>Ricardo Moreno ha preparado muchas sorpresas, como la torta m\u00e1s grande del mundo, 20 pa\u00edses invitados, conferencias y conciertos Comenz\u00f3 con \u00e9xito en Toluca una gran fiesta gastron\u00f3mica y cultural con el Festival Pinceles, Cinceles y Sabores con sorpresas para toda la familia, 20 pa\u00edses invitados, conciertos, arte, conferencias y delicias para degustar. Tras realizar [&hellip;]<\/p>\n","protected":false},"author":1,"featured_media":85877,"comment_status":"closed","ping_status":"closed","sticky":false,"template":"","format":"standard","meta":{"footnotes":""},"categories":[36],"tags":[],"class_list":["post-85876","post","type-post","status-publish","format-standard","has-post-thumbnail","hentry","category-edomex"],"_links":{"self":[{"href":"https:\/\/elinformante.mx\/index.php?rest_route=\/wp\/v2\/posts\/85876","targetHints":{"allow":["GET"]}}],"collection":[{"href":"https:\/\/elinformante.mx\/index.php?rest_route=\/wp\/v2\/posts"}],"about":[{"href":"https:\/\/elinformante.mx\/index.php?rest_route=\/wp\/v2\/types\/post"}],"author":[{"embeddable":true,"href":"https:\/\/elinformante.mx\/index.php?rest_route=\/wp\/v2\/users\/1"}],"replies":[{"embeddable":true,"href":"https:\/\/elinformante.mx\/index.php?rest_route=%2Fwp%2Fv2%2Fcomments&post=85876"}],"version-history":[{"count":0,"href":"https:\/\/elinformante.mx\/index.php?rest_route=\/wp\/v2\/posts\/85876\/revisions"}],"wp:featuredmedia":[{"embeddable":true,"href":"https:\/\/elinformante.mx\/index.php?rest_route=\/wp\/v2\/media\/85877"}],"wp:attachment":[{"href":"https:\/\/elinformante.mx\/index.php?rest_route=%2Fwp%2Fv2%2Fmedia&parent=85876"}],"wp:term":[{"taxonomy":"category","embeddable":true,"href":"https:\/\/elinformante.mx\/index.php?rest_route=%2Fwp%2Fv2%2Fcategories&post=85876"},{"taxonomy":"post_tag","embeddable":true,"href":"https:\/\/elinformante.mx\/index.php?rest_route=%2Fwp%2Fv2%2Ftags&post=85876"}],"curies":[{"name":"wp","href":"https:\/\/api.w.org\/{rel}","templated":true}]}}