{"id":85888,"date":"2025-06-16T06:48:40","date_gmt":"2025-06-16T12:48:40","guid":{"rendered":"https:\/\/elinformante.mx\/?p=85888"},"modified":"2025-06-16T06:48:44","modified_gmt":"2025-06-16T12:48:44","slug":"uaemex-descarta-con-reforma-universitaria-criminalizacion-de-protestas-estudiantiles","status":"publish","type":"post","link":"https:\/\/elinformante.mx\/?p=85888","title":{"rendered":"UAEM\u00e9x descarta con reforma universitaria criminalizaci\u00f3n de protestas estudiantiles"},"content":{"rendered":"\n<figure class=\"wp-block-pullquote\"><blockquote><p>Las autoridades universitarias deber\u00e1n generar mecanismos que permitan la construcci\u00f3n del di\u00e1logo.<\/p><\/blockquote><\/figure>\n\n\n\n<p class=\"has-drop-cap\">En cumplimiento al art\u00edculo 12 del Estatuto Universitario, la Universidad Aut\u00f3noma del Estado de M\u00e9xico (UAEM\u00e9x) pone a consulta de su comunidad universitaria la propuesta de reforma de los art\u00edculos 43, 44 y 111 relacionados con las Causales de Responsabilidad Universitaria y Derechos y obligaciones de Consejeras Electas y Consejeros Electos.<br><\/p>\n\n\n\n<p>La reforma propuesta al art\u00edculo 43 refiere que, \u201cson causales graves de faltas a la responsabilidad universitaria: suspender en forma violenta, en todo o en parte, las actividades de la Universidad, de un Organismo Acad\u00e9mico, Centro Universitario, Dependencia Acad\u00e9mica, Plantel de la Escuela Preparatoria, dependencia de la Administraci\u00f3n Central o de cualquier otro espacio universitario\u201d.<br><\/p>\n\n\n\n<p>En atenci\u00f3n al Pliego Petitorio General del Movimiento Estudiantil, se agrega a este que el ejercicio del derecho a la manifestaci\u00f3n p\u00fablica y pac\u00edfica, y a la libre expresi\u00f3n de ideas no se constituye como causal grave de responsabilidad universitaria, en tanto no implique da\u00f1o, violencia o apropiaci\u00f3n indebida de los bienes universitarios.<br><\/p>\n\n\n\n<p>Las autoridades universitarias deber\u00e1n generar mecanismos que permitan la construcci\u00f3n del di\u00e1logo, con el fin de fomentar el intercambio de ideas y prevenci\u00f3n o resoluci\u00f3n de conflicto\u201d.<br><\/p>\n\n\n\n<p>Se propone derogar la fracci\u00f3n octava del art\u00edculo 44, la cual menciona que se consideran como faltas a la responsabilidad universitaria, para quienes integran al alumnado, realizar actos que suspendan las labores acad\u00e9micas, sin causa justificada.<br><\/p>\n\n\n\n<figure class=\"wp-block-image size-large\"><img fetchpriority=\"high\" decoding=\"async\" width=\"1024\" height=\"506\" src=\"https:\/\/elinformante.mx\/wp-content\/uploads\/2025\/06\/10UAEMEX-2-3-1024x506.jpg\" alt=\"\" class=\"wp-image-85890\" srcset=\"https:\/\/elinformante.mx\/wp-content\/uploads\/2025\/06\/10UAEMEX-2-3-1024x506.jpg 1024w, https:\/\/elinformante.mx\/wp-content\/uploads\/2025\/06\/10UAEMEX-2-3-300x148.jpg 300w, https:\/\/elinformante.mx\/wp-content\/uploads\/2025\/06\/10UAEMEX-2-3-768x379.jpg 768w, https:\/\/elinformante.mx\/wp-content\/uploads\/2025\/06\/10UAEMEX-2-3.jpg 1140w\" sizes=\"(max-width: 1024px) 100vw, 1024px\" \/><\/figure>\n\n\n\n<p>Cabe destacar que en respuesta a la solicitud de no criminalizaci\u00f3n de las y los integrantes de los Movimientos Universitarios y en respeto al derecho a la libertad de expresi\u00f3n y de la manifestaci\u00f3n p\u00fablica, el pasado 3 de junio, el H. Consejo Universitario aprob\u00f3 el Acuerdo por el que se Determinan las Condiciones de Inaplicaci\u00f3n del Art. 43 del Estatuto Universitario.<br><\/p>\n\n\n\n<p>Este acuerdo reconoce el derecho de la comunidad universitaria a la libre expresi\u00f3n y manifestaci\u00f3n p\u00fablica y pac\u00edfica de ideas y peticiones, por lo que no criminaliza los actos derivados de las manifestaciones del Movimiento Estudiantil Universitario, realizadas en fecha reciente en espacios de la Aut\u00f3noma mexiquense que produjeron da\u00f1os a los bienes e instalaciones universitarias.<br><\/p>\n\n\n\n<p>La propuesta de reforma al art\u00edculo 111, contempla que las y los consejeros deben hacer del conocimiento de sus representados \u201caquellos asuntos que sean sometidos a Consejo o a las comisiones de las que formen parte, as\u00ed como los acuerdos que se tomen, salvaguardando en todo momento la protecci\u00f3n de los datos personales y privacidad de las personas\u201d.<br><\/p>\n\n\n\n<p>Con estas acciones el H. Consejo Universitario, como M\u00e1ximo \u00d3rgano de Gobierno, reitera su compromiso con la atenci\u00f3n al Pliego Petitorio General del Movimiento Estudiantil.<br><\/p>\n\n\n\n<p>La consulta est\u00e1 dirigida a toda la comunidad universitaria, las y los interesados en participar podr\u00e1n hacerlo en el sitio: reforma.uaemex.mx o v\u00eda correo electr\u00f3nico a la direcci\u00f3n consultareforma@uaemex.mx. Asimismo se recibir\u00e1n las opiniones de forma presencial en los espacios acad\u00e9micos que no se encuentren en paro.<\/p>\n","protected":false},"excerpt":{"rendered":"<p>Las autoridades universitarias deber\u00e1n generar mecanismos que permitan la construcci\u00f3n del di\u00e1logo. En cumplimiento al art\u00edculo 12 del Estatuto Universitario, la Universidad Aut\u00f3noma del Estado de M\u00e9xico (UAEM\u00e9x) pone a consulta de su comunidad universitaria la propuesta de reforma de los art\u00edculos 43, 44 y 111 relacionados con las Causales de Responsabilidad Universitaria y Derechos [&hellip;]<\/p>\n","protected":false},"author":1,"featured_media":85889,"comment_status":"closed","ping_status":"closed","sticky":false,"template":"","format":"standard","meta":{"footnotes":""},"categories":[30,36],"tags":[],"class_list":["post-85888","post","type-post","status-publish","format-standard","has-post-thumbnail","hentry","category-destacado","category-edomex"],"_links":{"self":[{"href":"https:\/\/elinformante.mx\/index.php?rest_route=\/wp\/v2\/posts\/85888","targetHints":{"allow":["GET"]}}],"collection":[{"href":"https:\/\/elinformante.mx\/index.php?rest_route=\/wp\/v2\/posts"}],"about":[{"href":"https:\/\/elinformante.mx\/index.php?rest_route=\/wp\/v2\/types\/post"}],"author":[{"embeddable":true,"href":"https:\/\/elinformante.mx\/index.php?rest_route=\/wp\/v2\/users\/1"}],"replies":[{"embeddable":true,"href":"https:\/\/elinformante.mx\/index.php?rest_route=%2Fwp%2Fv2%2Fcomments&post=85888"}],"version-history":[{"count":0,"href":"https:\/\/elinformante.mx\/index.php?rest_route=\/wp\/v2\/posts\/85888\/revisions"}],"wp:featuredmedia":[{"embeddable":true,"href":"https:\/\/elinformante.mx\/index.php?rest_route=\/wp\/v2\/media\/85889"}],"wp:attachment":[{"href":"https:\/\/elinformante.mx\/index.php?rest_route=%2Fwp%2Fv2%2Fmedia&parent=85888"}],"wp:term":[{"taxonomy":"category","embeddable":true,"href":"https:\/\/elinformante.mx\/index.php?rest_route=%2Fwp%2Fv2%2Fcategories&post=85888"},{"taxonomy":"post_tag","embeddable":true,"href":"https:\/\/elinformante.mx\/index.php?rest_route=%2Fwp%2Fv2%2Ftags&post=85888"}],"curies":[{"name":"wp","href":"https:\/\/api.w.org\/{rel}","templated":true}]}}