{"id":85916,"date":"2025-06-16T07:18:13","date_gmt":"2025-06-16T13:18:13","guid":{"rendered":"https:\/\/elinformante.mx\/?p=85916"},"modified":"2025-06-16T07:18:15","modified_gmt":"2025-06-16T13:18:15","slug":"se-expone-en-reforma-exposicion-nopalera-en-el-corazon","status":"publish","type":"post","link":"https:\/\/elinformante.mx\/?p=85916","title":{"rendered":"Se expone en Reforma exposici\u00f3n \u201cNopalera en el Coraz\u00f3n\u201d"},"content":{"rendered":"\n<figure class=\"wp-block-pullquote\"><blockquote><p>La exposici\u00f3n llega a Paseo de la Reforma conmemorando los 700 a\u00f1os de la fundaci\u00f3n de M\u00e9xico-Tenochtitlan; la audiencia podr\u00e1 apreciar las 51 piezas del 14 al 30 de septiembre y el acceso es libre<\/p><\/blockquote><\/figure>\n\n\n\n<p class=\"has-drop-cap\">La Secretar\u00eda de Cultura de la CDMX inaugur\u00f3 \u201cNopalera en el Coraz\u00f3n\u201d, una exposici\u00f3n al aire libre conformada por 51 esculturas en forma de nopal, intervenidas por artistas y colectivos con una diversidad de tem\u00e1ticas que resaltan la identidad mexicana, los pueblos originarios y la riqueza cultural y natural del pa\u00eds.<br><\/p>\n\n\n\n<p>La muestra se encuentra en la Avenida Paseo de la Reforma, a la altura de la Glorieta del Ahuehuete y estar\u00e1 abierta al p\u00fablico hasta el 30 de septiembre.<br><\/p>\n\n\n\n<p>Esta exposici\u00f3n busca proponer a la ciudad conocimiento de lo que significan los 700 a\u00f1os de la fundaci\u00f3n de Tenochtitlan, expres\u00f3 Ana Francis Mor, secretaria de cultura local.<br><\/p>\n\n\n\n<p>La secretaria de Cultura local, Ana Francis Mor, destac\u00f3 que, se lanzar\u00e1 una nueva convocatoria para realizar 200 nopales m\u00e1s que adornar\u00e1n cada rinc\u00f3n de la capital rumbo a la Copa Mundial de F\u00fatbol 2026.<br><\/p>\n\n\n\n<p>Durante la inauguraci\u00f3n tambi\u00e9n estuvo presente Humberto Ad\u00e1n Pe\u00f1a Fuentes, director general de la Comisi\u00f3n de Recursos Naturales y Desarrollo Rural, y Argel G\u00f3mez Concheiro, subsecretario de Grandes Festivales Comunitarios; adem\u00e1s de todas y todos los artistas participantes.<br><\/p>\n\n\n\n<p>Cabe destacar que en esta muestra tambi\u00e9n participaron las F\u00e1bricas de Artes y Oficios (FAROl Indios Verdes, Tec\u00f3mitl, Azcapotzalco, Oriente, Cosmos y Miacatl\u00e1n; las Unidades de Transformaci\u00f3n y Organizaci\u00f3n Para la Inclusi\u00f3n y la Armon\u00eda Social (UTOP\u00cdAS) Ixtapalcalli, Meyehualco y Cuauhtlicali; y los Centros Culturales La Pir\u00e1mide, Xavier Villaurrutia y Jos\u00e9 Mart\u00ed.<br><\/p>\n\n\n\n<p>Karen Raya, Tracy Lara, Beatriz Canfield, Elizabeth Pineda, Gabriela Sandoval, Jes\u00fas Guti\u00e9rrez Gardu\u00f1o (Lechuga), Leonardo Cuevas Morales \u2018Zukher\u2019, Santiago Robles, Miguel \u00c1ngel Corona \u2018El Reynito\u2019 y Producciones Nuuch (Amaranta Almaraz), son algunas de las personas artistas que intervinieron las piezas.<br><\/p>\n\n\n\n<p>Con esta exposici\u00f3n en el coraz\u00f3n de la capital, el Gobierno de la Ciudad de M\u00e9xico reafirma su compromiso con el arte comunitario, la reapropiaci\u00f3n del espacio p\u00fablico y la visibilizaci\u00f3n de las diversas identidades que conforman al pa\u00eds.<\/p>\n","protected":false},"excerpt":{"rendered":"<p>La exposici\u00f3n llega a Paseo de la Reforma conmemorando los 700 a\u00f1os de la fundaci\u00f3n de M\u00e9xico-Tenochtitlan; la audiencia podr\u00e1 apreciar las 51 piezas del 14 al 30 de septiembre y el acceso es libre La Secretar\u00eda de Cultura de la CDMX inaugur\u00f3 \u201cNopalera en el Coraz\u00f3n\u201d, una exposici\u00f3n al aire libre conformada por 51 [&hellip;]<\/p>\n","protected":false},"author":1,"featured_media":85917,"comment_status":"closed","ping_status":"closed","sticky":false,"template":"","format":"standard","meta":{"footnotes":""},"categories":[35],"tags":[],"class_list":["post-85916","post","type-post","status-publish","format-standard","has-post-thumbnail","hentry","category-cdmx"],"_links":{"self":[{"href":"https:\/\/elinformante.mx\/index.php?rest_route=\/wp\/v2\/posts\/85916","targetHints":{"allow":["GET"]}}],"collection":[{"href":"https:\/\/elinformante.mx\/index.php?rest_route=\/wp\/v2\/posts"}],"about":[{"href":"https:\/\/elinformante.mx\/index.php?rest_route=\/wp\/v2\/types\/post"}],"author":[{"embeddable":true,"href":"https:\/\/elinformante.mx\/index.php?rest_route=\/wp\/v2\/users\/1"}],"replies":[{"embeddable":true,"href":"https:\/\/elinformante.mx\/index.php?rest_route=%2Fwp%2Fv2%2Fcomments&post=85916"}],"version-history":[{"count":0,"href":"https:\/\/elinformante.mx\/index.php?rest_route=\/wp\/v2\/posts\/85916\/revisions"}],"wp:featuredmedia":[{"embeddable":true,"href":"https:\/\/elinformante.mx\/index.php?rest_route=\/wp\/v2\/media\/85917"}],"wp:attachment":[{"href":"https:\/\/elinformante.mx\/index.php?rest_route=%2Fwp%2Fv2%2Fmedia&parent=85916"}],"wp:term":[{"taxonomy":"category","embeddable":true,"href":"https:\/\/elinformante.mx\/index.php?rest_route=%2Fwp%2Fv2%2Fcategories&post=85916"},{"taxonomy":"post_tag","embeddable":true,"href":"https:\/\/elinformante.mx\/index.php?rest_route=%2Fwp%2Fv2%2Ftags&post=85916"}],"curies":[{"name":"wp","href":"https:\/\/api.w.org\/{rel}","templated":true}]}}