{"id":85923,"date":"2025-06-16T07:21:58","date_gmt":"2025-06-16T13:21:58","guid":{"rendered":"https:\/\/elinformante.mx\/?p=85923"},"modified":"2025-06-16T07:22:03","modified_gmt":"2025-06-16T13:22:03","slug":"activa-guardia-nacional-plan-dn-iii-e-en-guerrero-por-estragos-por-tormenta-tropical-dalila","status":"publish","type":"post","link":"https:\/\/elinformante.mx\/?p=85923","title":{"rendered":"Activa Guardia Nacional Plan DN-III-E en Guerrero por estragos por tormenta tropical Dalila"},"content":{"rendered":"\n<figure class=\"wp-block-pullquote\"><blockquote><p>Alrededor de 100 personas dependen econ\u00f3micamente de esta zona que ya es constantemente reclamada por el mar.<\/p><\/blockquote><\/figure>\n\n\n\n<p class=\"has-drop-cap\">La tormenta tropical Dalila combinada con un mar de fondo se llev\u00f3 una franja de restaurantes ubicada frente a la playa de Acapulco. Estos establecimientos resurgieron despu\u00e9s del hurac\u00e1n Otis en 2023, para luego, en 2024, el hurac\u00e1n John los volvi\u00f3 a afectar, y ahora, otra vez a recoger los cimientos de madera y tratar de reconstruir.<br><\/p>\n\n\n\n<p>Acapulco pas\u00f3 dos d\u00edas cargando el miedo de los dos huracanes que lo golpearon en los \u00faltimos dos a\u00f1os. Las cicatrices de Otis y John a\u00fan no est\u00e1n cerradas.<br><\/p>\n\n\n\n<p>Este hist\u00f3rico puerto pas\u00f3 la tormenta con pocas afectaciones. Algunas calles de fraccionamientos en la zona Diamante resultaron inundadas, mientras que cinco lanchas se volcaron o hundieron por el alto oleaje. Entre los turistas hubo algunos que desafiaron las olas, pese al fen\u00f3meno.<br><\/p>\n\n\n\n<p>Muchos negocios afectados est\u00e1n ubicados en playa Revolcadero, donde se pudo observar varios trozos de madera que pertenec\u00edan a restaurantes, el oleaje se llev\u00f3 sillas, mesas, derrib\u00f3 cocinas y rompi\u00f3 todo a su paso.<br><\/p>\n\n\n\n<p>Ahora debido a los temporales registrados cada a\u00f1o, en este momento los comerciantes de esta zona de Acapulco se preguntan c\u00f3mo volver\u00e1n a levantarse.<br><\/p>\n\n\n\n<p>Alrededor de 100 personas dependen econ\u00f3micamente de esta zona que ya es constantemente reclamada por el mar.<br><\/p>\n\n\n\n<p>El personal de la Guardia Nacional activ\u00f3 el Plan DN-III-E para apoyar a la poblaci\u00f3n afectada por las lluvias registradas en Guerrero, debido al desplazamiento de la tormenta tropical Dalila.<br><\/p>\n\n\n\n<p>Fue el Servicio Meteorol\u00f3gico Nacional (SMN) qui\u00e9n inform\u00f3 que se mantiene la probabilidad de lluvias fuertes a puntuales intensas, rachas fuertes de viento y oleaje elevado en Sinaloa, Nayarit, Jalisco, Colima y Michoac\u00e1n, debido a Dalila.<br><\/p>\n\n\n\n<p>El mal tiempo continuar\u00e1 en Guerrero, donde las lluvias no dejaran de ser de ligeras a moderadas, y en algunos casos fuertes, especialmente en las regiones Sierra, Centro y Monta\u00f1a, de acuerdo con la Secretar\u00eda de Gesti\u00f3n Integral de Riesgos y Protecci\u00f3n Civil del Estado de Guerrero.<br><\/p>\n\n\n\n<p>La Secretar\u00eda de la Defensa Nacional, el Plan DN-III-E mencion\u00f3 que se cuenta con tres fases que rigen la participaci\u00f3n del personal del Ej\u00e9rcito y Fuerza A\u00e9rea Mexicanos, siendo las siguientes:<br><\/p>\n\n\n\n<p>Con este plan se permite una preparaci\u00f3n para reaccionar en forma oportuna y tomar acciones dirigidas a controlar el riesgo, evitar o mitigar el impacto destructivo de los desastres sobre la vida y bienes de la poblaci\u00f3n, la planta productiva, los servicios p\u00fablicos y el medio ambiente.<br><\/p>\n\n\n\n<p>Adem\u00e1s se realizar\u00e1n simulacros para verificar la organizaci\u00f3n de los equipos de trabajo y el estado del material disponible para atender una situaci\u00f3n de emergencia.<br><\/p>\n\n\n\n<p>Se busca que las acciones sean destinadas primordialmente a salvaguardar la vida de las personas, sus bienes y la planta productiva y a preservar los servicios p\u00fablicos y el medio ambiente, ante la presencia de un agente destructivo.<br><\/p>\n\n\n\n<p>La recuperaci\u00f3n es proceso orientado a la reconstrucci\u00f3n y mejoramiento del sistema afectado (Poblaci\u00f3n y Entorno), as\u00ed como, a la reducci\u00f3n del riesgo de ocurrencia y la magnitud de los desastres futuros.<\/p>\n","protected":false},"excerpt":{"rendered":"<p>Alrededor de 100 personas dependen econ\u00f3micamente de esta zona que ya es constantemente reclamada por el mar. La tormenta tropical Dalila combinada con un mar de fondo se llev\u00f3 una franja de restaurantes ubicada frente a la playa de Acapulco. Estos establecimientos resurgieron despu\u00e9s del hurac\u00e1n Otis en 2023, para luego, en 2024, el hurac\u00e1n [&hellip;]<\/p>\n","protected":false},"author":1,"featured_media":85924,"comment_status":"closed","ping_status":"closed","sticky":false,"template":"","format":"standard","meta":{"footnotes":""},"categories":[34],"tags":[],"class_list":["post-85923","post","type-post","status-publish","format-standard","has-post-thumbnail","hentry","category-nacional"],"_links":{"self":[{"href":"https:\/\/elinformante.mx\/index.php?rest_route=\/wp\/v2\/posts\/85923","targetHints":{"allow":["GET"]}}],"collection":[{"href":"https:\/\/elinformante.mx\/index.php?rest_route=\/wp\/v2\/posts"}],"about":[{"href":"https:\/\/elinformante.mx\/index.php?rest_route=\/wp\/v2\/types\/post"}],"author":[{"embeddable":true,"href":"https:\/\/elinformante.mx\/index.php?rest_route=\/wp\/v2\/users\/1"}],"replies":[{"embeddable":true,"href":"https:\/\/elinformante.mx\/index.php?rest_route=%2Fwp%2Fv2%2Fcomments&post=85923"}],"version-history":[{"count":0,"href":"https:\/\/elinformante.mx\/index.php?rest_route=\/wp\/v2\/posts\/85923\/revisions"}],"wp:featuredmedia":[{"embeddable":true,"href":"https:\/\/elinformante.mx\/index.php?rest_route=\/wp\/v2\/media\/85924"}],"wp:attachment":[{"href":"https:\/\/elinformante.mx\/index.php?rest_route=%2Fwp%2Fv2%2Fmedia&parent=85923"}],"wp:term":[{"taxonomy":"category","embeddable":true,"href":"https:\/\/elinformante.mx\/index.php?rest_route=%2Fwp%2Fv2%2Fcategories&post=85923"},{"taxonomy":"post_tag","embeddable":true,"href":"https:\/\/elinformante.mx\/index.php?rest_route=%2Fwp%2Fv2%2Ftags&post=85923"}],"curies":[{"name":"wp","href":"https:\/\/api.w.org\/{rel}","templated":true}]}}