{"id":85926,"date":"2025-06-16T07:23:18","date_gmt":"2025-06-16T13:23:18","guid":{"rendered":"https:\/\/elinformante.mx\/?p=85926"},"modified":"2025-06-16T07:23:22","modified_gmt":"2025-06-16T13:23:22","slug":"mara-lezama-y-rolando-lopez-anuncian-creacion-y-construccion-del-cbtis-301-en-cancun","status":"publish","type":"post","link":"https:\/\/elinformante.mx\/?p=85926","title":{"rendered":"Mara Lezama y Rolando L\u00f3pez anuncian creaci\u00f3n y construcci\u00f3n del CBTIS 301 en Canc\u00fan"},"content":{"rendered":"\n<figure class=\"wp-block-pullquote\"><blockquote><p>-Con 12 aulas iniciar\u00e1 su construcci\u00f3n en julio pr\u00f3ximo y estar\u00eda listo en diciembre, para estrenarse en enero<\/p><\/blockquote><\/figure>\n\n\n\n<p class=\"has-drop-cap\">La gobernadora Mara Lezama Espinosa y el director general de la DGETI, Rolando de Jes\u00fas L\u00f3pez Salda\u00f1a, anunciaron la creaci\u00f3n y construcci\u00f3n del CBTIS 301, en Cuna Maya, Benito Ju\u00e1rez, mismo que empezar\u00e1 a operar en septiembre pr\u00f3ximo, en un plantel que prestar\u00e1 sus instalaciones.<br><\/p>\n\n\n\n<p>La obra, de 12 aulas, iniciar\u00e1 el 20 de julio pr\u00f3ximo y se estima quede concluida en diciembre de este mismo a\u00f1o, para que los alumnos la estrenen en enero del 2026. El ciclo escolar que iniciar\u00e1 en septiembre pr\u00f3ximo ser\u00e1 en el turno vespertino.<br><\/p>\n\n\n\n<p>\u201cEstamos bien contentas y contentos. Se va a iniciar la construcci\u00f3n, pero van a poder iniciar clases en este ciclo escolar; seis meses ser\u00e1 en una escuela en donde nos prestar\u00e1n las instalaciones, pero el pr\u00f3ximo semestre ya en sus aulas, en sus talleres. El CBTIS 301 ser\u00e1 una realidad\u201d expres\u00f3 la Gobernadora.<br><\/p>\n\n\n\n<p>Por su parte, el Director L\u00f3pez Salda\u00f1a destac\u00f3 que la presidenta Claudia Sheinbaum, el secretario de Educaci\u00f3n Mario Delgado, y la subsecretaria de Educaci\u00f3n Media Superior est\u00e1n empe\u00f1ados en ampliar la cobertura educativa del pa\u00eds.<br><\/p>\n\n\n\n<p>\u201cQuintana Roo es uno de los estados donde se abrir\u00e1 uno de los planteles, el CBTIS 301. Estamos seguros de que, con la nueva oferta educativa que vamos a impulsar en esta entidad vamos a brindar cobertura en el espacio y oportunidades a los j\u00f3venes y adultos\u201d, cit\u00f3 el funcionario federal.<br><\/p>\n\n\n\n<p>Mara Lezama agradeci\u00f3 el apoyo que dan a Quintana Roo la Presidenta Claudia Sheinbaum, el secretario Mario Delgado, con este proyecto que surgi\u00f3 como resultado de sus gestiones. \u201cSu Gobernadora cumple y esto es una realidad\u201d, afirm\u00f3.<\/p>\n\n\n\n<p><\/p>\n","protected":false},"excerpt":{"rendered":"<p>-Con 12 aulas iniciar\u00e1 su construcci\u00f3n en julio pr\u00f3ximo y estar\u00eda listo en diciembre, para estrenarse en enero La gobernadora Mara Lezama Espinosa y el director general de la DGETI, Rolando de Jes\u00fas L\u00f3pez Salda\u00f1a, anunciaron la creaci\u00f3n y construcci\u00f3n del CBTIS 301, en Cuna Maya, Benito Ju\u00e1rez, mismo que empezar\u00e1 a operar en septiembre [&hellip;]<\/p>\n","protected":false},"author":1,"featured_media":85927,"comment_status":"closed","ping_status":"closed","sticky":false,"template":"","format":"standard","meta":{"footnotes":""},"categories":[30,34],"tags":[],"class_list":["post-85926","post","type-post","status-publish","format-standard","has-post-thumbnail","hentry","category-destacado","category-nacional"],"_links":{"self":[{"href":"https:\/\/elinformante.mx\/index.php?rest_route=\/wp\/v2\/posts\/85926","targetHints":{"allow":["GET"]}}],"collection":[{"href":"https:\/\/elinformante.mx\/index.php?rest_route=\/wp\/v2\/posts"}],"about":[{"href":"https:\/\/elinformante.mx\/index.php?rest_route=\/wp\/v2\/types\/post"}],"author":[{"embeddable":true,"href":"https:\/\/elinformante.mx\/index.php?rest_route=\/wp\/v2\/users\/1"}],"replies":[{"embeddable":true,"href":"https:\/\/elinformante.mx\/index.php?rest_route=%2Fwp%2Fv2%2Fcomments&post=85926"}],"version-history":[{"count":0,"href":"https:\/\/elinformante.mx\/index.php?rest_route=\/wp\/v2\/posts\/85926\/revisions"}],"wp:featuredmedia":[{"embeddable":true,"href":"https:\/\/elinformante.mx\/index.php?rest_route=\/wp\/v2\/media\/85927"}],"wp:attachment":[{"href":"https:\/\/elinformante.mx\/index.php?rest_route=%2Fwp%2Fv2%2Fmedia&parent=85926"}],"wp:term":[{"taxonomy":"category","embeddable":true,"href":"https:\/\/elinformante.mx\/index.php?rest_route=%2Fwp%2Fv2%2Fcategories&post=85926"},{"taxonomy":"post_tag","embeddable":true,"href":"https:\/\/elinformante.mx\/index.php?rest_route=%2Fwp%2Fv2%2Ftags&post=85926"}],"curies":[{"name":"wp","href":"https:\/\/api.w.org\/{rel}","templated":true}]}}