{"id":85929,"date":"2025-06-16T07:25:59","date_gmt":"2025-06-16T13:25:59","guid":{"rendered":"https:\/\/elinformante.mx\/?p=85929"},"modified":"2025-06-16T07:26:06","modified_gmt":"2025-06-16T13:26:06","slug":"sheinbaum-se-reunira-con-donald-trump-en-el-marco-del-g7","status":"publish","type":"post","link":"https:\/\/elinformante.mx\/?p=85929","title":{"rendered":"Sheinbaum se reunir\u00e1 con Donald Trump en el marco del G7"},"content":{"rendered":"\n<figure class=\"wp-block-pullquote\"><blockquote><p>La presidenta se\u00f1al\u00f3 que \u201cdefenderemos dignamente a las y los mexicanos durante la reuni\u00f3n\u201d.<\/p><\/blockquote><\/figure>\n\n\n\n<p class=\"has-drop-cap\">La Presidenta Claudia Sheinbaum destac\u00f3 que en su reuni\u00f3n con el Presidente de Estados Unidos, Donald Trump, en el marco de la Cumbre del G7, que se llevar\u00e1 a cabo en Canad\u00e1, defender\u00e1 dignamente a las mexicanas y mexicanos que viven en nuestro territorio y en EUA.<br><\/p>\n\n\n\n<p>Ser\u00e1 ma\u00f1ana martes que la presidenta Claudia Sheinbaum tendr\u00e1 la reuni\u00f3n bilateral con el presidente de los Estados Unidos, Donald Trump, de acuerdo con la agenda dada a conocer por la Presidencia de la Rep\u00fablica.<br><\/p>\n\n\n\n<p>Durante el viaje en donde la presidenta va en representaci\u00f3n del pueblo de M\u00e9xico, adem\u00e1s que la presidenta tendr\u00e1 un encuentro con el Consejo Empresarial de Canad\u00e1.<br><\/p>\n\n\n\n<p>Sheinbaum ha se\u00f1alado que: \u201cVamos siempre \u2014como somos los mexicanos, porque as\u00ed somos nosotros\u2014 firmes, con nuestra convicci\u00f3n, pero tambi\u00e9n siempre con di\u00e1logo, buscando siempre acuerdos para el bienestar de nuestras naciones y de nuestros pueblos. A defender a las mexicanas y a los mexicanos y siempre a decir que cuando estamos juntos somos m\u00e1s fuertes, cuando nos respetamos entre nosotros somos m\u00e1s fuertes y eso es lo que vamos a ir a defender. Siempre con la frente en alto, siempre con gallard\u00eda, porque defendemos y representamos al pueblo de M\u00e9xico. Un pueblo generoso, valiente, trabajador, que trabaja aqu\u00ed en nuestro pa\u00eds y tambi\u00e9n del otro lado de la frontera\u201d.<br><\/p>\n\n\n\n<p>Ma\u00f1ana martes iniciar\u00e1n sus actividades con la toma de la fotograf\u00eda oficial de los asistentes a la reuni\u00f3n del G7.<br><\/p>\n\n\n\n<p>Para despu\u00e9s tener una reuni\u00f3n trilateral con el Consejo Europeo y la Comisi\u00f3n Europea que acuden a la reuni\u00f3n en Canad\u00e1.<br><\/p>\n\n\n\n<p>Se reunir\u00e1 la presidenta despu\u00e9s una reuni\u00f3n bilateral con el primer ministro de India, Narendra Modi, para despu\u00e9s participar en la reuni\u00f3n plenaria de la cumbre del G7 en la que participar\u00e1n todos los jefes de Estado participantes en la reuni\u00f3n, incluyendo los pa\u00edses invitados, como es el caso de M\u00e9xico.<br><\/p>\n\n\n\n<p>Al termin\u00f3 de esta, Sheinbaum tendr\u00e1 el encuentro bilateral con el presidente de los Estados Unidos, Donald Trump, la cual se da tras siete llamadas telef\u00f3nicas y pol\u00e9micas en temas de migraci\u00f3n, tr\u00e1fico de armas, y delincuencia organizada que opera entre ambos pa\u00edses.<br><\/p>\n\n\n\n<p>Y terminar\u00e1 con las reuniones bilaterales con el canciller de Alemania, Friedrich Merz; y cerrar\u00e1 con un encuentro con el primer ministro de Canad\u00e1, Mark Carney.<br><\/p>\n\n\n\n<p>Esta 51\u00aa Cumbre del G7 se desarrollar\u00e1 del 15 al 17 de junio, en Kananaskis, Alberta, Canad\u00e1 y la Jefa del Ejecutivo Federal fue invitada por el primer ministro de Canad\u00e1, Mark Carney.<br><\/p>\n\n\n\n<p>El G7 se compone de siete pa\u00edses industrializados: Canad\u00e1, Francia, Alemania, Italia, Jap\u00f3n, Reino Unido y Estados Unidos. Adem\u00e1s de la Uni\u00f3n Europea.<\/p>\n","protected":false},"excerpt":{"rendered":"<p>La presidenta se\u00f1al\u00f3 que \u201cdefenderemos dignamente a las y los mexicanos durante la reuni\u00f3n\u201d. La Presidenta Claudia Sheinbaum destac\u00f3 que en su reuni\u00f3n con el Presidente de Estados Unidos, Donald Trump, en el marco de la Cumbre del G7, que se llevar\u00e1 a cabo en Canad\u00e1, defender\u00e1 dignamente a las mexicanas y mexicanos que viven [&hellip;]<\/p>\n","protected":false},"author":1,"featured_media":85930,"comment_status":"closed","ping_status":"closed","sticky":false,"template":"","format":"standard","meta":{"footnotes":""},"categories":[34],"tags":[],"class_list":["post-85929","post","type-post","status-publish","format-standard","has-post-thumbnail","hentry","category-nacional"],"_links":{"self":[{"href":"https:\/\/elinformante.mx\/index.php?rest_route=\/wp\/v2\/posts\/85929","targetHints":{"allow":["GET"]}}],"collection":[{"href":"https:\/\/elinformante.mx\/index.php?rest_route=\/wp\/v2\/posts"}],"about":[{"href":"https:\/\/elinformante.mx\/index.php?rest_route=\/wp\/v2\/types\/post"}],"author":[{"embeddable":true,"href":"https:\/\/elinformante.mx\/index.php?rest_route=\/wp\/v2\/users\/1"}],"replies":[{"embeddable":true,"href":"https:\/\/elinformante.mx\/index.php?rest_route=%2Fwp%2Fv2%2Fcomments&post=85929"}],"version-history":[{"count":0,"href":"https:\/\/elinformante.mx\/index.php?rest_route=\/wp\/v2\/posts\/85929\/revisions"}],"wp:featuredmedia":[{"embeddable":true,"href":"https:\/\/elinformante.mx\/index.php?rest_route=\/wp\/v2\/media\/85930"}],"wp:attachment":[{"href":"https:\/\/elinformante.mx\/index.php?rest_route=%2Fwp%2Fv2%2Fmedia&parent=85929"}],"wp:term":[{"taxonomy":"category","embeddable":true,"href":"https:\/\/elinformante.mx\/index.php?rest_route=%2Fwp%2Fv2%2Fcategories&post=85929"},{"taxonomy":"post_tag","embeddable":true,"href":"https:\/\/elinformante.mx\/index.php?rest_route=%2Fwp%2Fv2%2Ftags&post=85929"}],"curies":[{"name":"wp","href":"https:\/\/api.w.org\/{rel}","templated":true}]}}