{"id":85941,"date":"2025-06-16T07:50:47","date_gmt":"2025-06-16T13:50:47","guid":{"rendered":"https:\/\/elinformante.mx\/?p=85941"},"modified":"2025-06-16T07:50:51","modified_gmt":"2025-06-16T13:50:51","slug":"entra-en-vigor-la-ley-censura-en-puebla-y-campeche","status":"publish","type":"post","link":"https:\/\/elinformante.mx\/?p=85941","title":{"rendered":"ENTRA EN VIGOR LA \u2018LEY CENSURA\u2019 EN PUEBLA Y CAMPECHE"},"content":{"rendered":"\n<figure class=\"wp-block-pullquote\"><blockquote><p>-Esta \u201cley\u201d tipificar\u00e1 los delitos de ciberasedio, usurpaci\u00f3n de identidad, enga\u00f1o digital con fines sexuales y de espionaje digital.<\/p><\/blockquote><\/figure>\n\n\n\n<p class=\"has-drop-cap\">Se cre\u00f3 una enorme pol\u00e9mica la aprobaci\u00f3n de la Ley de Ciberseguridad en Puebla que contempla penas de hasta tres a\u00f1os de prisi\u00f3n por insultos en redes sociales, siendo bautizada esta reforma como la \u201cLey Censura\u201d.<br><\/p>\n\n\n\n<figure class=\"wp-block-image size-large\"><img fetchpriority=\"high\" decoding=\"async\" width=\"1024\" height=\"506\" src=\"https:\/\/elinformante.mx\/wp-content\/uploads\/2025\/06\/9entra-1-1024x506.jpg\" alt=\"\" class=\"wp-image-85943\" srcset=\"https:\/\/elinformante.mx\/wp-content\/uploads\/2025\/06\/9entra-1-1024x506.jpg 1024w, https:\/\/elinformante.mx\/wp-content\/uploads\/2025\/06\/9entra-1-300x148.jpg 300w, https:\/\/elinformante.mx\/wp-content\/uploads\/2025\/06\/9entra-1-768x379.jpg 768w, https:\/\/elinformante.mx\/wp-content\/uploads\/2025\/06\/9entra-1.jpg 1140w\" sizes=\"(max-width: 1024px) 100vw, 1024px\" \/><\/figure>\n\n\n\n<p>Fue el pasado 12 de junio, cuando se aprobaron las reformas al C\u00f3digo Penal de Puebla, ahora denominada como \u201cLey Censura\u201d, impulsada por Morena y sus aliados.<br><\/p>\n\n\n\n<p>Muchas organizaciones civiles, acad\u00e9micos y periodistas advierten que las reformas representan un riesgo de censura.<br><\/p>\n\n\n\n<figure class=\"wp-block-image size-large\"><img decoding=\"async\" width=\"1024\" height=\"506\" src=\"https:\/\/elinformante.mx\/wp-content\/uploads\/2025\/06\/9entra-2-1024x506.jpg\" alt=\"\" class=\"wp-image-85944\" srcset=\"https:\/\/elinformante.mx\/wp-content\/uploads\/2025\/06\/9entra-2-1024x506.jpg 1024w, https:\/\/elinformante.mx\/wp-content\/uploads\/2025\/06\/9entra-2-300x148.jpg 300w, https:\/\/elinformante.mx\/wp-content\/uploads\/2025\/06\/9entra-2-768x379.jpg 768w, https:\/\/elinformante.mx\/wp-content\/uploads\/2025\/06\/9entra-2.jpg 1140w\" sizes=\"(max-width: 1024px) 100vw, 1024px\" \/><\/figure>\n\n\n\n<p>Mientras que en Campeche, la Ley Censura tambi\u00e9n ya entr\u00f3 en vigor e incluso, la jueza Guadalupe Mart\u00ednez Taboada vincul\u00f3 a proceso al periodista Jorge Luis Gonz\u00e1lez y al representante del diario Tribuna, Isidro Yerbes.<br><\/p>\n\n\n\n<p>Fueron se\u00f1alados por una supuesta incitaci\u00f3n al odio contra la gobernadora Layda Sansores. La medida incluy\u00f3 el cierre del medio digital Tribuna, la prohibici\u00f3n al periodista de ejercer el periodismo y una indemnizaci\u00f3n millonaria por da\u00f1o moral.<br><\/p>\n\n\n\n<figure class=\"wp-block-image size-large\"><img decoding=\"async\" width=\"1024\" height=\"506\" src=\"https:\/\/elinformante.mx\/wp-content\/uploads\/2025\/06\/9entra-3-1024x506.jpg\" alt=\"\" class=\"wp-image-85945\" srcset=\"https:\/\/elinformante.mx\/wp-content\/uploads\/2025\/06\/9entra-3-1024x506.jpg 1024w, https:\/\/elinformante.mx\/wp-content\/uploads\/2025\/06\/9entra-3-300x148.jpg 300w, https:\/\/elinformante.mx\/wp-content\/uploads\/2025\/06\/9entra-3-768x379.jpg 768w, https:\/\/elinformante.mx\/wp-content\/uploads\/2025\/06\/9entra-3.jpg 1140w\" sizes=\"(max-width: 1024px) 100vw, 1024px\" \/><\/figure>\n\n\n\n<p>Mientras que en Puebla, el gobernador Alejandro Armenta pidi\u00f3 a la presidenta de la Junta de Gobierno y Coordinaci\u00f3n Pol\u00edtica (Jugocopo) del congreso local, Laura Artemisa Garc\u00eda Ch\u00e1vez, para que los diputados de la LXI Legislatura convoquen a foros abiertos de discusi\u00f3n sobre la Ley Censura.<br><\/p>\n\n\n\n<p>Adem\u00e1s propuso que en los foros abiertos de discusi\u00f3n tambi\u00e9n participe la Comisi\u00f3n Estatal de Derechos Humanos (CDH), organismos civiles, colegios de abogados, periodistas y asociaciones de padres de familia.<br><\/p>\n\n\n\n<figure class=\"wp-block-image size-large\"><img loading=\"lazy\" decoding=\"async\" width=\"1024\" height=\"506\" src=\"https:\/\/elinformante.mx\/wp-content\/uploads\/2025\/06\/9entra-4-1024x506.jpg\" alt=\"\" class=\"wp-image-85946\" srcset=\"https:\/\/elinformante.mx\/wp-content\/uploads\/2025\/06\/9entra-4-1024x506.jpg 1024w, https:\/\/elinformante.mx\/wp-content\/uploads\/2025\/06\/9entra-4-300x148.jpg 300w, https:\/\/elinformante.mx\/wp-content\/uploads\/2025\/06\/9entra-4-768x379.jpg 768w, https:\/\/elinformante.mx\/wp-content\/uploads\/2025\/06\/9entra-4.jpg 1140w\" sizes=\"(max-width: 1024px) 100vw, 1024px\" \/><\/figure>\n\n\n\n<p>Armenta destac\u00f3 que la solicitud de foros es con el fin de proteger los derechos humanos universales con el mayor consenso posible.<br><\/p>\n\n\n\n<p>Fueron aprobadas las reformas al C\u00f3digo Penal local por el Congreso de Puebla, para tipificar los delitos de ciberasedio, usurpaci\u00f3n de identidad, enga\u00f1o digital con fines sexuales y espionaje digital.<br><\/p>\n\n\n\n<figure class=\"wp-block-image size-large\"><img loading=\"lazy\" decoding=\"async\" width=\"1024\" height=\"506\" src=\"https:\/\/elinformante.mx\/wp-content\/uploads\/2025\/06\/9entra-5-1024x506.jpg\" alt=\"\" class=\"wp-image-85947\" srcset=\"https:\/\/elinformante.mx\/wp-content\/uploads\/2025\/06\/9entra-5-1024x506.jpg 1024w, https:\/\/elinformante.mx\/wp-content\/uploads\/2025\/06\/9entra-5-300x148.jpg 300w, https:\/\/elinformante.mx\/wp-content\/uploads\/2025\/06\/9entra-5-768x379.jpg 768w, https:\/\/elinformante.mx\/wp-content\/uploads\/2025\/06\/9entra-5.jpg 1140w\" sizes=\"(max-width: 1024px) 100vw, 1024px\" \/><\/figure>\n\n\n\n<p>En el dictamen se define como el uso de tecnolog\u00edas de la informaci\u00f3n y comunicaci\u00f3n (TIC), redes sociales, correo electr\u00f3nico o cualquier espacio digital para insultar, injuriar, ofender o vejar a una persona de manera persistente, al grado de causarle da\u00f1o f\u00edsico o emocional.<br><\/p>\n\n\n\n<p>Se\u00f1alaron las penas para los delitos son las siguientes:<br><\/p>\n\n\n\n<figure class=\"wp-block-image size-large\"><img loading=\"lazy\" decoding=\"async\" width=\"1024\" height=\"506\" src=\"https:\/\/elinformante.mx\/wp-content\/uploads\/2025\/06\/9entra-7-1024x506.jpg\" alt=\"\" class=\"wp-image-85948\" srcset=\"https:\/\/elinformante.mx\/wp-content\/uploads\/2025\/06\/9entra-7-1024x506.jpg 1024w, https:\/\/elinformante.mx\/wp-content\/uploads\/2025\/06\/9entra-7-300x148.jpg 300w, https:\/\/elinformante.mx\/wp-content\/uploads\/2025\/06\/9entra-7-768x379.jpg 768w, https:\/\/elinformante.mx\/wp-content\/uploads\/2025\/06\/9entra-7.jpg 1140w\" sizes=\"(max-width: 1024px) 100vw, 1024px\" \/><\/figure>\n\n\n\n<p>Ciberasedio: Insultar o agredir de forma insistente a trav\u00e9s de medios digitales, causando da\u00f1o emocional o f\u00edsico, con una sanci\u00f3n de 11 meses a 3 a\u00f1os en prisi\u00f3n; y si la v\u00edctima es menor de edad, la pena se agrava<br><\/p>\n\n\n\n<p>Usurpaci\u00f3n de identidad: Poseer, transferir o apropiarse de datos personales ajenos con fines de lucro o da\u00f1o, con una pena de 6 a 8 a\u00f1os de prisi\u00f3n y hasta 2 mil UMAs; aumentando si se hace uso de la tecnolog\u00eda o redes sociales<br><\/p>\n\n\n\n<figure class=\"wp-block-image size-large\"><img loading=\"lazy\" decoding=\"async\" width=\"1024\" height=\"506\" src=\"https:\/\/elinformante.mx\/wp-content\/uploads\/2025\/06\/9entra-10-1024x506.jpg\" alt=\"\" class=\"wp-image-85949\" srcset=\"https:\/\/elinformante.mx\/wp-content\/uploads\/2025\/06\/9entra-10-1024x506.jpg 1024w, https:\/\/elinformante.mx\/wp-content\/uploads\/2025\/06\/9entra-10-300x148.jpg 300w, https:\/\/elinformante.mx\/wp-content\/uploads\/2025\/06\/9entra-10-768x379.jpg 768w, https:\/\/elinformante.mx\/wp-content\/uploads\/2025\/06\/9entra-10.jpg 1140w\" sizes=\"(max-width: 1024px) 100vw, 1024px\" \/><\/figure>\n\n\n\n<p>Enga\u00f1o digital con fines sexuales: Contactar a menores o personas incapaces mediante redes o TIC para manipularlos emocionalmente o chantajearlos sexualmente; sancionada de 15 meses a 5 a\u00f1os de prisi\u00f3n.<br><\/p>\n\n\n\n<p>Espionaje digital: Acceder sin autorizaci\u00f3n a sistemas o equipos para obtener informaci\u00f3n personal; que tendr\u00e1 una sanci\u00f3n de 1 a 3 a\u00f1os de prisi\u00f3n y multa de hasta 250 UMAs.<\/p>\n\n\n\n<figure class=\"wp-block-image size-large\"><img loading=\"lazy\" decoding=\"async\" width=\"791\" height=\"1024\" src=\"https:\/\/elinformante.mx\/wp-content\/uploads\/2025\/06\/9entra-8-791x1024.jpg\" alt=\"\" class=\"wp-image-85950\" srcset=\"https:\/\/elinformante.mx\/wp-content\/uploads\/2025\/06\/9entra-8-791x1024.jpg 791w, https:\/\/elinformante.mx\/wp-content\/uploads\/2025\/06\/9entra-8-232x300.jpg 232w, https:\/\/elinformante.mx\/wp-content\/uploads\/2025\/06\/9entra-8-768x994.jpg 768w, https:\/\/elinformante.mx\/wp-content\/uploads\/2025\/06\/9entra-8.jpg 1140w\" sizes=\"(max-width: 791px) 100vw, 791px\" \/><\/figure>\n","protected":false},"excerpt":{"rendered":"<p>-Esta \u201cley\u201d tipificar\u00e1 los delitos de ciberasedio, usurpaci\u00f3n de identidad, enga\u00f1o digital con fines sexuales y de espionaje digital. Se cre\u00f3 una enorme pol\u00e9mica la aprobaci\u00f3n de la Ley de Ciberseguridad en Puebla que contempla penas de hasta tres a\u00f1os de prisi\u00f3n por insultos en redes sociales, siendo bautizada esta reforma como la \u201cLey Censura\u201d. [&hellip;]<\/p>\n","protected":false},"author":1,"featured_media":85942,"comment_status":"closed","ping_status":"closed","sticky":false,"template":"","format":"standard","meta":{"footnotes":""},"categories":[30,34,31],"tags":[47],"class_list":["post-85941","post","type-post","status-publish","format-standard","has-post-thumbnail","hentry","category-destacado","category-nacional","category-portada","tag-portadanacional"],"_links":{"self":[{"href":"https:\/\/elinformante.mx\/index.php?rest_route=\/wp\/v2\/posts\/85941","targetHints":{"allow":["GET"]}}],"collection":[{"href":"https:\/\/elinformante.mx\/index.php?rest_route=\/wp\/v2\/posts"}],"about":[{"href":"https:\/\/elinformante.mx\/index.php?rest_route=\/wp\/v2\/types\/post"}],"author":[{"embeddable":true,"href":"https:\/\/elinformante.mx\/index.php?rest_route=\/wp\/v2\/users\/1"}],"replies":[{"embeddable":true,"href":"https:\/\/elinformante.mx\/index.php?rest_route=%2Fwp%2Fv2%2Fcomments&post=85941"}],"version-history":[{"count":0,"href":"https:\/\/elinformante.mx\/index.php?rest_route=\/wp\/v2\/posts\/85941\/revisions"}],"wp:featuredmedia":[{"embeddable":true,"href":"https:\/\/elinformante.mx\/index.php?rest_route=\/wp\/v2\/media\/85942"}],"wp:attachment":[{"href":"https:\/\/elinformante.mx\/index.php?rest_route=%2Fwp%2Fv2%2Fmedia&parent=85941"}],"wp:term":[{"taxonomy":"category","embeddable":true,"href":"https:\/\/elinformante.mx\/index.php?rest_route=%2Fwp%2Fv2%2Fcategories&post=85941"},{"taxonomy":"post_tag","embeddable":true,"href":"https:\/\/elinformante.mx\/index.php?rest_route=%2Fwp%2Fv2%2Ftags&post=85941"}],"curies":[{"name":"wp","href":"https:\/\/api.w.org\/{rel}","templated":true}]}}