{"id":85999,"date":"2025-06-17T06:15:54","date_gmt":"2025-06-17T12:15:54","guid":{"rendered":"https:\/\/elinformante.mx\/?p=85999"},"modified":"2025-06-17T06:15:57","modified_gmt":"2025-06-17T12:15:57","slug":"llega-la-ruta-del-calzado-de-san-mateo-atenco-a-la-alcaldia-miguel-hidalgo-ana-muniz","status":"publish","type":"post","link":"https:\/\/elinformante.mx\/?p=85999","title":{"rendered":"Llega la Ruta del Calzado de San Mateo Atenco a la Alcald\u00eda Miguel Hidalgo: Ana Mu\u00f1iz"},"content":{"rendered":"\n<figure class=\"wp-block-pullquote\"><blockquote><p>-Participan 25 productoras y productores de calzado de San Mateo Atenco<\/p><\/blockquote><\/figure>\n\n\n\n<p class=\"has-drop-cap\">Fue inaugurada en la Alcald\u00eda Miguel Hidalgo, la Ruta del Calzado de San Mateo Atenco, una expo venta que estar\u00e1 abierta del 16 al 20 de junio y que pone a disposici\u00f3n las piezas de 25 productores atenquenses.<br><\/p>\n\n\n\n<p>El acto inaugural fue encabezado por la presidenta municipal de San Mateo Atenco, Ana Mu\u00f1iz Neyra, junto con el alcalde Mauricio Tabe, en un evento que muestra la colaboraci\u00f3n entre gobiernos locales para fortalecer las econom\u00edas regionales.<br><\/p>\n\n\n\n<p>Se\u00f1al\u00f3 Mu\u00f1iz Neyra que esta es una oportunidad para promover nuestros productos, adem\u00e1s de ser un foco de atenci\u00f3n para ayudar a las m\u00e1s de 1,200 familias atenquenses dedicadas a la producci\u00f3n de calzado.<br><\/p>\n\n\n\n<figure class=\"wp-block-image size-large\"><img fetchpriority=\"high\" decoding=\"async\" width=\"1024\" height=\"506\" src=\"https:\/\/elinformante.mx\/wp-content\/uploads\/2025\/06\/11mateo-3-1-1024x506.jpg\" alt=\"\" class=\"wp-image-86001\" srcset=\"https:\/\/elinformante.mx\/wp-content\/uploads\/2025\/06\/11mateo-3-1-1024x506.jpg 1024w, https:\/\/elinformante.mx\/wp-content\/uploads\/2025\/06\/11mateo-3-1-300x148.jpg 300w, https:\/\/elinformante.mx\/wp-content\/uploads\/2025\/06\/11mateo-3-1-768x379.jpg 768w, https:\/\/elinformante.mx\/wp-content\/uploads\/2025\/06\/11mateo-3-1.jpg 1140w\" sizes=\"(max-width: 1024px) 100vw, 1024px\" \/><\/figure>\n\n\n\n<p>Mu\u00f1iz Neyra destac\u00f3 el valor de llevar el calzado de San Mateo Atenco a nuevos mercados. \u201cDesde los gobiernos locales, la unidad teje el respaldo entre nosotros de manera directa\u201d, a\u00f1adi\u00f3.<br><\/p>\n\n\n\n<p>El alcalde Mauricio Tabe reconoci\u00f3 el compromiso de la presidenta Mu\u00f1iz Neyra con las causas de los productores de calzado, y reconoci\u00f3 como un gran gesto de generosidad y responsabilidad ver a una presidenta que arropa a sus productores, que destina recursos para abrirles las puertas. \u201cSabemos que el trabajo es el camino para que seamos ciudadanos libres, y por eso somos aliados de quien emprende\u201d, afirm\u00f3.<br><\/p>\n\n\n\n<p>Ambos gobiernos coincidieron en que este esfuerzo compartido permite dar visibilidad al talento, la tradici\u00f3n y la calidad del calzado atenquense, y destacaron la importancia de que llegue a m\u00e1s espacios, incluyendo el Congreso de la CDMX, gracias al respaldo de legisladoras comprometidas como la diputada Am\u00e9rica Rangel, quien estuvo presente en el acto de inauguraci\u00f3n.<br><\/p>\n\n\n\n<p>La Ruta del Calzado San Mateo Atenco estar\u00e1 abierta al p\u00fablico de la Ciudad de M\u00e9xico, de 9 de la ma\u00f1ana a 7 de la tarde.<\/p>\n","protected":false},"excerpt":{"rendered":"<p>-Participan 25 productoras y productores de calzado de San Mateo Atenco Fue inaugurada en la Alcald\u00eda Miguel Hidalgo, la Ruta del Calzado de San Mateo Atenco, una expo venta que estar\u00e1 abierta del 16 al 20 de junio y que pone a disposici\u00f3n las piezas de 25 productores atenquenses. El acto inaugural fue encabezado por [&hellip;]<\/p>\n","protected":false},"author":1,"featured_media":86000,"comment_status":"closed","ping_status":"closed","sticky":false,"template":"","format":"standard","meta":{"footnotes":""},"categories":[30,36],"tags":[],"class_list":["post-85999","post","type-post","status-publish","format-standard","has-post-thumbnail","hentry","category-destacado","category-edomex"],"_links":{"self":[{"href":"https:\/\/elinformante.mx\/index.php?rest_route=\/wp\/v2\/posts\/85999","targetHints":{"allow":["GET"]}}],"collection":[{"href":"https:\/\/elinformante.mx\/index.php?rest_route=\/wp\/v2\/posts"}],"about":[{"href":"https:\/\/elinformante.mx\/index.php?rest_route=\/wp\/v2\/types\/post"}],"author":[{"embeddable":true,"href":"https:\/\/elinformante.mx\/index.php?rest_route=\/wp\/v2\/users\/1"}],"replies":[{"embeddable":true,"href":"https:\/\/elinformante.mx\/index.php?rest_route=%2Fwp%2Fv2%2Fcomments&post=85999"}],"version-history":[{"count":0,"href":"https:\/\/elinformante.mx\/index.php?rest_route=\/wp\/v2\/posts\/85999\/revisions"}],"wp:featuredmedia":[{"embeddable":true,"href":"https:\/\/elinformante.mx\/index.php?rest_route=\/wp\/v2\/media\/86000"}],"wp:attachment":[{"href":"https:\/\/elinformante.mx\/index.php?rest_route=%2Fwp%2Fv2%2Fmedia&parent=85999"}],"wp:term":[{"taxonomy":"category","embeddable":true,"href":"https:\/\/elinformante.mx\/index.php?rest_route=%2Fwp%2Fv2%2Fcategories&post=85999"},{"taxonomy":"post_tag","embeddable":true,"href":"https:\/\/elinformante.mx\/index.php?rest_route=%2Fwp%2Fv2%2Ftags&post=85999"}],"curies":[{"name":"wp","href":"https:\/\/api.w.org\/{rel}","templated":true}]}}