{"id":86036,"date":"2025-06-17T07:04:53","date_gmt":"2025-06-17T13:04:53","guid":{"rendered":"https:\/\/elinformante.mx\/?p=86036"},"modified":"2025-06-17T07:08:56","modified_gmt":"2025-06-17T13:08:56","slug":"clara-brugada-lanza-convocatoria-entregara-distintivos-a-empresas-responsables-respetuosas-de-los-derechos-laborales","status":"publish","type":"post","link":"https:\/\/elinformante.mx\/?p=86036","title":{"rendered":"Clara Brugada lanza convocatoria: entregar\u00e1 distintivos a empresas responsables respetuosas de los Derechos Laborales"},"content":{"rendered":"\n<figure class=\"wp-block-pullquote\"><blockquote><p>Destac\u00f3 que la capital del pa\u00eds es el centro neur\u00e1lgico de la vida pol\u00edtica, econ\u00f3mica, social y cultural de M\u00e9xico.<\/p><\/blockquote><\/figure>\n\n\n\n<p class=\"has-drop-cap\">La Jefa de Gobierno, Clara Brugada Molina, encabez\u00f3 el arranque de la primera edici\u00f3n de la Convocatoria para la Entrega de Distintivos a Empresas Responsables en tres rubros: Trabajo digno e incluyente, Igualdad entre mujeres y hombres, y Corresponsabilidad de los cuidados, con el objetivo de reconocer el esfuerzo del sector empresarial que promueve el respeto de los derechos laborales en beneficio de la sociedad en general.<br><\/p>\n\n\n\n<p>Ante empresarias, empresarios, directivos, trabajadores, sindicatos y organizaciones de la sociedad civil, la mandataria capitalina afirm\u00f3 que la entrega de este reconocimiento tiene como sustento una visi\u00f3n de gobierno en la que no puede haber justicia laboral sin igualdad sustantiva entre mujeres y hombres.<br><\/p>\n\n\n\n<p>La Jefa de Gobierno destac\u00f3 que la capital del pa\u00eds es el centro neur\u00e1lgico de la vida pol\u00edtica, econ\u00f3mica, social y cultural de M\u00e9xico, as\u00ed como el motor econ\u00f3mico y sede de m\u00e1s de mil 180 corporativos globales, por lo que reconoci\u00f3 el trabajo de las empresas por ser generadoras de empleos, cumplir con la ley y avanzar en un trabajo formal para convertir esta ciudad justa en una ciudad ejemplo en casi todos los niveles.<br><\/p>\n\n\n\n<p>Explic\u00f3 que para la entrega de estos distintivos empresariales se cuenta con un comit\u00e9 de evaluaci\u00f3n plural con representantes de distintos sectores, del trabajo, empresarial, acad\u00e9mico y de la sociedad civil, por lo que convoc\u00f3 a todas las empresas de la ciudad a participar y postular para mostrar sus buenas pr\u00e1cticas, para compartir sus aprendizajes, a inspirar a otras empresas, porque el cambio cultural que necesitamos se construye entre todas y todos y de manera colectiva, destac\u00f3.<br><\/p>\n\n\n\n<p>Expuso que es tiempo de cuidar, tiempo de trabajo. \u201cQue la sostenibilidad de la vida, eso que a veces se nos olvida y se invisibiliza, que es quienes detr\u00e1s del trabajador o de la trabajadora mantienen todos los d\u00edas un gran trabajo en casa, requiere, decimos, corresponsabilidad\u201d, indic\u00f3.<br><\/p>\n\n\n\n<p>Se\u00f1al\u00f3 que adem\u00e1s se implementar\u00e1 un distintivo especial, que permitir\u00e1 a las empresas participar con oferta de trabajo en las zonas de la ciudad con mayor desigualdad, donde hay necesidad de trabajo, por medio de la creaci\u00f3n de ferias de empleo, que permita a j\u00f3venes \u2013principalmente\u2013 tener oportunidades de desarrollo y bienestar.<br><\/p>\n\n\n\n<p>Reiter\u00f3 el compromiso de su gobierno de avanzar hacia un modelo econ\u00f3mico que genere valor sin precariedad, impulse el crecimiento econ\u00f3mico sin desigualdad y entienda que la prosperidad solo tiene sentido si es compartida: \u201cEsos son los tres valores que consideramos que en esta ciudad deben regir los nuevos modelos econ\u00f3micos para la ciudad\u201d.<br><\/p>\n\n\n\n<p>La secretaria del Trabajo y Fomento al Empleo, In\u00e9s Gonz\u00e1lez Nicol\u00e1s expres\u00f3 que la convocatoria lanzada representa la oportunidad de visualizar el di\u00e1logo social, mecanismo que permite avanzar en la utop\u00eda laboral de una ciudad que ofrece trabajo digno con la participaci\u00f3n activa del gobierno, as\u00ed como de empresas, sindicatos y las y los trabajadores.<br><\/p>\n\n\n\n<p>Asegur\u00f3, son parte de una estrategia formulada por la Jefa de Gobierno de la para impulsar un modelo de desarrollo econ\u00f3mico con enfoque social e inclusivo, en el que las empresas no solo generen ganancias, sino que contribuyan activamente en reducir desigualdades.<br><\/p>\n\n\n\n<p>El presidente del Consejo Coordinador Empresarial (CCE), Francisco Cervantes D\u00edaz, asegur\u00f3 que este organismo se une a la convocatoria para otorgar distintivos a las empresas responsables de la capital y estableci\u00f3 el compromiso con la Jefa de Gobierno de visitar, por lo menos cada mes, una compa\u00f1\u00eda que sirva de ejemplo en esta materia.<\/p>\n","protected":false},"excerpt":{"rendered":"<p>Destac\u00f3 que la capital del pa\u00eds es el centro neur\u00e1lgico de la vida pol\u00edtica, econ\u00f3mica, social y cultural de M\u00e9xico. La Jefa de Gobierno, Clara Brugada Molina, encabez\u00f3 el arranque de la primera edici\u00f3n de la Convocatoria para la Entrega de Distintivos a Empresas Responsables en tres rubros: Trabajo digno e incluyente, Igualdad entre mujeres [&hellip;]<\/p>\n","protected":false},"author":1,"featured_media":86037,"comment_status":"closed","ping_status":"closed","sticky":false,"template":"","format":"standard","meta":{"footnotes":""},"categories":[35,30],"tags":[],"class_list":["post-86036","post","type-post","status-publish","format-standard","has-post-thumbnail","hentry","category-cdmx","category-destacado"],"_links":{"self":[{"href":"https:\/\/elinformante.mx\/index.php?rest_route=\/wp\/v2\/posts\/86036","targetHints":{"allow":["GET"]}}],"collection":[{"href":"https:\/\/elinformante.mx\/index.php?rest_route=\/wp\/v2\/posts"}],"about":[{"href":"https:\/\/elinformante.mx\/index.php?rest_route=\/wp\/v2\/types\/post"}],"author":[{"embeddable":true,"href":"https:\/\/elinformante.mx\/index.php?rest_route=\/wp\/v2\/users\/1"}],"replies":[{"embeddable":true,"href":"https:\/\/elinformante.mx\/index.php?rest_route=%2Fwp%2Fv2%2Fcomments&post=86036"}],"version-history":[{"count":0,"href":"https:\/\/elinformante.mx\/index.php?rest_route=\/wp\/v2\/posts\/86036\/revisions"}],"wp:featuredmedia":[{"embeddable":true,"href":"https:\/\/elinformante.mx\/index.php?rest_route=\/wp\/v2\/media\/86037"}],"wp:attachment":[{"href":"https:\/\/elinformante.mx\/index.php?rest_route=%2Fwp%2Fv2%2Fmedia&parent=86036"}],"wp:term":[{"taxonomy":"category","embeddable":true,"href":"https:\/\/elinformante.mx\/index.php?rest_route=%2Fwp%2Fv2%2Fcategories&post=86036"},{"taxonomy":"post_tag","embeddable":true,"href":"https:\/\/elinformante.mx\/index.php?rest_route=%2Fwp%2Fv2%2Ftags&post=86036"}],"curies":[{"name":"wp","href":"https:\/\/api.w.org\/{rel}","templated":true}]}}